{"id":12037,"date":"2023-11-19T15:24:15","date_gmt":"2023-11-19T14:24:15","guid":{"rendered":"https:\/\/ubfheidelberg.org\/Wordpress\/?p=12037"},"modified":"2025-12-02T19:12:36","modified_gmt":"2025-12-02T18:12:36","slug":"fragebogen-apostelgeschichte-68-760","status":"publish","type":"post","link":"https:\/\/ubfheidelberg.org\/Wordpress\/fragebogen-apostelgeschichte-68-760\/","title":{"rendered":"Fragebogen: Apostelgeschichte 6,8-7,60"},"content":{"rendered":"<p><a href=\"https:\/\/ubfheidelberg.org\/Wordpress\/wp-content\/uploads\/2023\/11\/2023-Apg-L07_06-08_07-60.doc\"><strong>Download<\/strong><\/a>&nbsp;&nbsp;&nbsp;&nbsp;&nbsp;&nbsp;&nbsp;&nbsp;&nbsp;&nbsp; <a href=\"https:\/\/ubfheidelberg.org\/Wordpress\/wp-content\/uploads\/2023\/09\/Fonts.zip\">(verwendete Schriftarten)<\/a><\/p>\n<h2 style=\"text-align: center;\">Stephanus starb in der Nachfolge Jesu<\/h2>\n<h3 style=\"text-align: center;\">\u201eund sie steinigten Stephanus; der rief den Herrn an und sprach: Herr Jesus, nimm meinen Geist auf! Er fiel auf die Knie und schrie laut: Herr, rechne ihnen diese S\u00fcnde nicht an! Und als er das gesagt hatte, verschied er.\u201c<\/h3>\n<p style=\"text-align: center;\">(Apostelgeschichte 7,59.60)<\/p>\n<ol>\n<li>Was f\u00fcr ein Mensch war Stephanus (5.8)? Was taten einige, als sie mit ihm stritten und seiner Weisheit nicht widerstehen konnten (9-14)? Wie sah Stephanus aus, als er vor dem Hohen Rat stand (15)?<\/li>\n<li>Welche Verhei\u00dfungen gab Gott Abraham (7,1-8)? Warum wurde Josef nach \u00c4gypten verkauft (9a)? Wie besch\u00fctzte Gott Josef, als seine Br\u00fcder ihn ablehnten, und wie gebrauchte er ihn in der Erl\u00f6sungsgeschichte (9b-16)?<\/li>\n<li>Wie kam es, dass Mose im Palast des Pharaos in aller Weisheit der \u00c4gypter gelehrt wurde (17-22)? Warum wurde Mose ein Fremder in Midian und wozu berief Gott ihn (23-38)? Welche S\u00fcnden begingen ihre Vorfahren gegen Gott (39-43)?<\/li>\n<li>Wie kam es laut Stephanus zum Bau des Tempels (44-47)? Was sind aber die Grenzen eines Tempels, der mit H\u00e4nden gemacht ist (48-50)? Welche S\u00fcnden tadelte Stephanus (51-53)?<\/li>\n<li>Wie reagierten die Juden, als sie Stephanus\u2018 Zurechtweisung h\u00f6rten (54)? Wen sah Stephanus, als er zum Himmel aufsah, und was sagte er (55.56)? Wie wurde er get\u00f6tet und wie betete er (57-60)?<\/li>\n<\/ol>\n","protected":false},"excerpt":{"rendered":"<p>Download&nbsp;&nbsp;&nbsp;&nbsp;&nbsp;&nbsp;&nbsp;&nbsp;&nbsp;&nbsp; (verwendete Schriftarten) Stephanus starb in der Nachfolge Jesu \u201eund sie steinigten Stephanus; der rief den Herrn an und sprach: Herr Jesus, nimm meinen Geist auf! Er fiel auf die Knie und schrie laut: Herr, rechne ihnen diese S\u00fcnde nicht an! Und als er das gesagt hatte, verschied er.\u201c (Apostelgeschichte 7,59.60) Was f\u00fcr ein Mensch [&hellip;]<\/p>\n","protected":false},"author":14,"featured_media":0,"comment_status":"closed","ping_status":"closed","sticky":false,"template":"","format":"standard","meta":{"ngg_post_thumbnail":0,"footnotes":""},"categories":[14,3],"tags":[],"class_list":["post-12037","post","type-post","status-publish","format-standard","hentry","category-apostelgeschichte","category-fragebogen"],"_links":{"self":[{"href":"https:\/\/ubfheidelberg.org\/Wordpress\/wp-json\/wp\/v2\/posts\/12037","targetHints":{"allow":["GET"]}}],"collection":[{"href":"https:\/\/ubfheidelberg.org\/Wordpress\/wp-json\/wp\/v2\/posts"}],"about":[{"href":"https:\/\/ubfheidelberg.org\/Wordpress\/wp-json\/wp\/v2\/types\/post"}],"author":[{"embeddable":true,"href":"https:\/\/ubfheidelberg.org\/Wordpress\/wp-json\/wp\/v2\/users\/14"}],"replies":[{"embeddable":true,"href":"https:\/\/ubfheidelberg.org\/Wordpress\/wp-json\/wp\/v2\/comments?post=12037"}],"version-history":[{"count":5,"href":"https:\/\/ubfheidelberg.org\/Wordpress\/wp-json\/wp\/v2\/posts\/12037\/revisions"}],"predecessor-version":[{"id":12064,"href":"https:\/\/ubfheidelberg.org\/Wordpress\/wp-json\/wp\/v2\/posts\/12037\/revisions\/12064"}],"wp:attachment":[{"href":"https:\/\/ubfheidelberg.org\/Wordpress\/wp-json\/wp\/v2\/media?parent=12037"}],"wp:term":[{"taxonomy":"category","embeddable":true,"href":"https:\/\/ubfheidelberg.org\/Wordpress\/wp-json\/wp\/v2\/categories?post=12037"},{"taxonomy":"post_tag","embeddable":true,"href":"https:\/\/ubfheidelberg.org\/Wordpress\/wp-json\/wp\/v2\/tags?post=12037"}],"curies":[{"name":"wp","href":"https:\/\/api.w.org\/{rel}","templated":true}]}}