{"id":12001,"date":"2023-10-22T12:00:28","date_gmt":"2023-10-22T10:00:28","guid":{"rendered":"https:\/\/ubfheidelberg.org\/Wordpress\/?p=12001"},"modified":"2025-12-02T19:12:37","modified_gmt":"2025-12-02T18:12:37","slug":"fragebogen-apostelgeschichte-41-31-2","status":"publish","type":"post","link":"https:\/\/ubfheidelberg.org\/Wordpress\/fragebogen-apostelgeschichte-41-31-2\/","title":{"rendered":"Fragebogen: Apostelgeschichte 4,1-31"},"content":{"rendered":"<p><a href=\"https:\/\/ubfheidelberg.org\/Wordpress\/wp-content\/uploads\/2023\/10\/2023-Apg-L04_04-0131.doc\"><strong>Download<\/strong><\/a><\/p>\n<h2 style=\"text-align: center;\">In keinem andern ist das Heil<\/h2>\n<h3 style=\"text-align: center;\">\u201eUnd in keinem andern ist das Heil, auch ist kein andrer Name unter dem Himmel den Menschen gegeben, durch den wir sollen selig werden.\u201c<\/h3>\n<p style=\"text-align: center;\">(Apostelgeschichte 4,12)<\/p>\n<ol>\n<li>Was f\u00fcr Menschen kamen, als die Apostel zum Volk redeten (1)? Warum haben sie die Apostel gefangen genommen (2.3)? Was passierte aber unter denen, die das Wort h\u00f6rten (4)?<\/li>\n<li>Was f\u00fcr Leute versammelten sich am n\u00e4chsten Tag (5.6)? Welche Frage stellten sie den Aposteln (7)? Was bezeugte Petrus, wie der Kranke gesund geworden war (8-10)?<\/li>\n<li>Zu wem wurde Jesus, als er verworfen wurde (11)? Warum k\u00f6nnen wir von niemand anderem als Jesus gerettet werden (12)? Warum konnten die religi\u00f6sen Leiter Petrus und Johannes nicht verurteilen (13.14)?<\/li>\n<li>Was taten die religi\u00f6sen Leiter, als sie die Apostel weder kritisieren noch die Heilung leugnen konnten (15-18)? Warum sagten die Apostel, dass sie trotz ihrer Drohungen nicht anders konnten, als \u00fcber das zu reden, was sie gesehen und geh\u00f6rt hatten (19-22)? Was k\u00f6nnen wir hier von ihnen lernen?<\/li>\n<li>Was taten die Gl\u00e4ubigen, nachdem sie die Worte der Apostel geh\u00f6rt hatten (23.24)? Wie sahen sie die Verfolgung durch die religi\u00f6sen Leiter (25-28)? Wof\u00fcr beteten sie und wie reagierte Gott (29-31)?<\/li>\n<\/ol>\n","protected":false},"excerpt":{"rendered":"<p>Download In keinem andern ist das Heil \u201eUnd in keinem andern ist das Heil, auch ist kein andrer Name unter dem Himmel den Menschen gegeben, durch den wir sollen selig werden.\u201c (Apostelgeschichte 4,12) Was f\u00fcr Menschen kamen, als die Apostel zum Volk redeten (1)? Warum haben sie die Apostel gefangen genommen (2.3)? Was passierte aber [&hellip;]<\/p>\n","protected":false},"author":14,"featured_media":0,"comment_status":"open","ping_status":"closed","sticky":false,"template":"","format":"standard","meta":{"ngg_post_thumbnail":0,"footnotes":""},"categories":[14,3],"tags":[],"class_list":["post-12001","post","type-post","status-publish","format-standard","hentry","category-apostelgeschichte","category-fragebogen"],"_links":{"self":[{"href":"https:\/\/ubfheidelberg.org\/Wordpress\/wp-json\/wp\/v2\/posts\/12001","targetHints":{"allow":["GET"]}}],"collection":[{"href":"https:\/\/ubfheidelberg.org\/Wordpress\/wp-json\/wp\/v2\/posts"}],"about":[{"href":"https:\/\/ubfheidelberg.org\/Wordpress\/wp-json\/wp\/v2\/types\/post"}],"author":[{"embeddable":true,"href":"https:\/\/ubfheidelberg.org\/Wordpress\/wp-json\/wp\/v2\/users\/14"}],"replies":[{"embeddable":true,"href":"https:\/\/ubfheidelberg.org\/Wordpress\/wp-json\/wp\/v2\/comments?post=12001"}],"version-history":[{"count":1,"href":"https:\/\/ubfheidelberg.org\/Wordpress\/wp-json\/wp\/v2\/posts\/12001\/revisions"}],"predecessor-version":[{"id":12003,"href":"https:\/\/ubfheidelberg.org\/Wordpress\/wp-json\/wp\/v2\/posts\/12001\/revisions\/12003"}],"wp:attachment":[{"href":"https:\/\/ubfheidelberg.org\/Wordpress\/wp-json\/wp\/v2\/media?parent=12001"}],"wp:term":[{"taxonomy":"category","embeddable":true,"href":"https:\/\/ubfheidelberg.org\/Wordpress\/wp-json\/wp\/v2\/categories?post=12001"},{"taxonomy":"post_tag","embeddable":true,"href":"https:\/\/ubfheidelberg.org\/Wordpress\/wp-json\/wp\/v2\/tags?post=12001"}],"curies":[{"name":"wp","href":"https:\/\/api.w.org\/{rel}","templated":true}]}}