{"id":11914,"date":"2023-10-08T12:00:01","date_gmt":"2023-10-08T10:00:01","guid":{"rendered":"https:\/\/ubfheidelberg.org\/Wordpress\/?p=11914"},"modified":"2025-12-02T19:12:37","modified_gmt":"2025-12-02T18:12:37","slug":"fragebogen-apostelgeschichte-21-47-teil-2-verse-22-42","status":"publish","type":"post","link":"https:\/\/ubfheidelberg.org\/Wordpress\/fragebogen-apostelgeschichte-21-47-teil-2-verse-22-42\/","title":{"rendered":"Fragebogen: Apostelgeschichte 2,1-47  (Teil 2: Verse 22-47)"},"content":{"rendered":"<p><a href=\"https:\/\/ubfheidelberg.org\/Wordpress\/wp-content\/uploads\/2023\/10\/2023-Apg-L02_02-0147.doc\"><strong>Download<\/strong><\/a><\/p>\n<h2 style=\"text-align: center;\">Alle wurden vom Heiligen Geist erf\u00fcllt<\/h2>\n<h3 style=\"text-align: center;\">\u201eUnd sie wurden alle erf\u00fcllt von dem Heiligen Geist und fingen an zu predigen in andern Sprachen, wie der Geist ihnen zu reden eingab.\u201c<\/h3>\n<p style=\"text-align: center;\">(Apostelgeschichte 2,4)<\/p>\n<p><span style=\"text-decoration: underline;\">Teil 1: Verse 1-21 (08. Okt. 2023)<\/span><\/p>\n<ol start=\"1\">\n<li>Was geschah mit den J\u00fcngern am Pfingsttag (1-3)? Was taten die J\u00fcnger, als sie mit dem Heiligen Geist erf\u00fcllt waren (4)? Wie reagierten die Juden aus aller Welt, als sie h\u00f6rten, was die J\u00fcnger sagten (5-13)<\/li>\n<li>Welche Prophezeiung wird durch dieses Ereignis erf\u00fcllt (14-21; vgl. Joel 2,28-32). Denk dar\u00fcber nach, was f\u00fcr erstaunliche Dinge passieren, wenn der Heilige Geist kommt.<\/li>\n<\/ol>\n<p><span style=\"text-decoration: underline;\">Teil 2: Verse 22 &#8211; 47 (15. Okt. 2023)<\/span><\/p>\n<ol start=\"3\">\n<li>Wie bezeugte Petrus Jesus (22-24)? Was prophezeite David \u00fcber die Auferstehung Jesu (25-31)? Zu wem hat Gott den auferstandenen Jesus gemacht (32-36)?<\/li>\n<li>Wie reagierten die Menschen, nachdem sie die Botschaft von Petrus geh\u00f6rt hatten (37)? Was m\u00fcssen sie tun, um gerettet zu werden (38-40)? Was geschah durch die Predigt von Petrus (41.42)?<\/li>\n<li>Warum kam Furcht \u00fcber alle Menschen (43)? Wie lebten die ersten Gl\u00e4ubigen (44-47a)? Wie wirkte der Herr unter ihnen (47b)?<\/li>\n<\/ol>\n","protected":false},"excerpt":{"rendered":"<p>Download Alle wurden vom Heiligen Geist erf\u00fcllt \u201eUnd sie wurden alle erf\u00fcllt von dem Heiligen Geist und fingen an zu predigen in andern Sprachen, wie der Geist ihnen zu reden eingab.\u201c (Apostelgeschichte 2,4) Teil 1: Verse 1-21 (08. Okt. 2023) Was geschah mit den J\u00fcngern am Pfingsttag (1-3)? Was taten die J\u00fcnger, als sie mit [&hellip;]<\/p>\n","protected":false},"author":14,"featured_media":0,"comment_status":"open","ping_status":"closed","sticky":false,"template":"","format":"standard","meta":{"ngg_post_thumbnail":0,"footnotes":""},"categories":[14,3],"tags":[],"class_list":["post-11914","post","type-post","status-publish","format-standard","hentry","category-apostelgeschichte","category-fragebogen"],"_links":{"self":[{"href":"https:\/\/ubfheidelberg.org\/Wordpress\/wp-json\/wp\/v2\/posts\/11914","targetHints":{"allow":["GET"]}}],"collection":[{"href":"https:\/\/ubfheidelberg.org\/Wordpress\/wp-json\/wp\/v2\/posts"}],"about":[{"href":"https:\/\/ubfheidelberg.org\/Wordpress\/wp-json\/wp\/v2\/types\/post"}],"author":[{"embeddable":true,"href":"https:\/\/ubfheidelberg.org\/Wordpress\/wp-json\/wp\/v2\/users\/14"}],"replies":[{"embeddable":true,"href":"https:\/\/ubfheidelberg.org\/Wordpress\/wp-json\/wp\/v2\/comments?post=11914"}],"version-history":[{"count":5,"href":"https:\/\/ubfheidelberg.org\/Wordpress\/wp-json\/wp\/v2\/posts\/11914\/revisions"}],"predecessor-version":[{"id":11938,"href":"https:\/\/ubfheidelberg.org\/Wordpress\/wp-json\/wp\/v2\/posts\/11914\/revisions\/11938"}],"wp:attachment":[{"href":"https:\/\/ubfheidelberg.org\/Wordpress\/wp-json\/wp\/v2\/media?parent=11914"}],"wp:term":[{"taxonomy":"category","embeddable":true,"href":"https:\/\/ubfheidelberg.org\/Wordpress\/wp-json\/wp\/v2\/categories?post=11914"},{"taxonomy":"post_tag","embeddable":true,"href":"https:\/\/ubfheidelberg.org\/Wordpress\/wp-json\/wp\/v2\/tags?post=11914"}],"curies":[{"name":"wp","href":"https:\/\/api.w.org\/{rel}","templated":true}]}}