{"id":11893,"date":"2023-09-24T12:00:08","date_gmt":"2023-09-24T10:00:08","guid":{"rendered":"https:\/\/ubfheidelberg.org\/Wordpress\/?p=11893"},"modified":"2025-12-02T19:12:37","modified_gmt":"2025-12-02T18:12:37","slug":"fragebogen-apostelgeschichte-2","status":"publish","type":"post","link":"https:\/\/ubfheidelberg.org\/Wordpress\/fragebogen-apostelgeschichte-2\/","title":{"rendered":"Fragebogen: Apostelgeschichte 1,1-26"},"content":{"rendered":"<p><a href=\"https:\/\/ubfheidelberg.org\/Wordpress\/wp-content\/uploads\/2023\/09\/2023-Apg-L01_01-0126.doc\"><strong>Download<\/strong><\/a><\/p>\n<p><a href=\"https:\/\/ubfheidelberg.org\/Wordpress\/wp-content\/uploads\/2023\/09\/Fonts.zip\">Fonts 2x<\/a>&nbsp; (f\u00fcr das neue Bibelstudium der Apostelgeschichte)<\/p>\n<h2 style=\"text-align: center;\">Ihr werdet meine Zeugen sein bis an das Ende der Erde<\/h2>\n<h3 style=\"text-align: center;\">\u201eAber ihr werdet die Kraft des Heiligen Geistes empfangen, der auf euch kommen wird, und werdet meine Zeugen sein in Jerusalem und ganz Jud\u00e4a und Samarien und bis an das Ende der Erde.\u201c<\/h3>\n<p style=\"text-align: center;\">(Apostelgeschichte 1,8)<\/p>\n<ol>\n<li>Wovon handelt der erste Bericht des Lukas an Theophilus (1.2)? Was tat der auferstandene Jesus vierzig Tage lang (3)? Welchen Auftrag gab er den Aposteln (4.5)?<\/li>\n<li>Was interessierte die J\u00fcnger und was sagte Jesus zu ihnen (6.7)? Was w\u00fcrden sie tun, wenn der Heilige Geist auf sie kommt (8)? Was ist der gro\u00dfe Wille, den Jesus durch seine J\u00fcnger erreichen will?<\/li>\n<li>Was geschah mit Jesus, nachdem er dies gesagt hatte (9)? Wie m\u00fcssen sich die J\u00fcnger in dieser Zeit gef\u00fchlt haben? Was sagten die beiden Engel den J\u00fcngern (10.11)?<\/li>\n<li>Wie gehorchten die J\u00fcnger Jesu Worten (12.13a)? Wer war im Obergeschoss des Hauses und was taten sie gemeinsam (13b-15a)? Wie haben sie gebetet? Was k\u00f6nnen wir von ihnen lernen?<\/li>\n<li>Warum brachte Petrus das Thema Judas Iskariot zur Sprache (15b.16)? Wie erkl\u00e4rte er den Verrat von Judas (16-20)? Was bedeutet es, dass sie Matthias anstelle von Judas ausw\u00e4hlten und er zu den Aposteln gez\u00e4hlt wurde (21-26)?<\/li>\n<\/ol>\n","protected":false},"excerpt":{"rendered":"<p>Download Fonts 2x&nbsp; (f\u00fcr das neue Bibelstudium der Apostelgeschichte) Ihr werdet meine Zeugen sein bis an das Ende der Erde \u201eAber ihr werdet die Kraft des Heiligen Geistes empfangen, der auf euch kommen wird, und werdet meine Zeugen sein in Jerusalem und ganz Jud\u00e4a und Samarien und bis an das Ende der Erde.\u201c (Apostelgeschichte 1,8) [&hellip;]<\/p>\n","protected":false},"author":14,"featured_media":0,"comment_status":"open","ping_status":"closed","sticky":false,"template":"","format":"standard","meta":{"ngg_post_thumbnail":0,"footnotes":""},"categories":[14,3],"tags":[],"class_list":["post-11893","post","type-post","status-publish","format-standard","hentry","category-apostelgeschichte","category-fragebogen"],"_links":{"self":[{"href":"https:\/\/ubfheidelberg.org\/Wordpress\/wp-json\/wp\/v2\/posts\/11893","targetHints":{"allow":["GET"]}}],"collection":[{"href":"https:\/\/ubfheidelberg.org\/Wordpress\/wp-json\/wp\/v2\/posts"}],"about":[{"href":"https:\/\/ubfheidelberg.org\/Wordpress\/wp-json\/wp\/v2\/types\/post"}],"author":[{"embeddable":true,"href":"https:\/\/ubfheidelberg.org\/Wordpress\/wp-json\/wp\/v2\/users\/14"}],"replies":[{"embeddable":true,"href":"https:\/\/ubfheidelberg.org\/Wordpress\/wp-json\/wp\/v2\/comments?post=11893"}],"version-history":[{"count":5,"href":"https:\/\/ubfheidelberg.org\/Wordpress\/wp-json\/wp\/v2\/posts\/11893\/revisions"}],"predecessor-version":[{"id":11904,"href":"https:\/\/ubfheidelberg.org\/Wordpress\/wp-json\/wp\/v2\/posts\/11893\/revisions\/11904"}],"wp:attachment":[{"href":"https:\/\/ubfheidelberg.org\/Wordpress\/wp-json\/wp\/v2\/media?parent=11893"}],"wp:term":[{"taxonomy":"category","embeddable":true,"href":"https:\/\/ubfheidelberg.org\/Wordpress\/wp-json\/wp\/v2\/categories?post=11893"},{"taxonomy":"post_tag","embeddable":true,"href":"https:\/\/ubfheidelberg.org\/Wordpress\/wp-json\/wp\/v2\/tags?post=11893"}],"curies":[{"name":"wp","href":"https:\/\/api.w.org\/{rel}","templated":true}]}}