{"id":11888,"date":"2023-09-17T12:00:48","date_gmt":"2023-09-17T10:00:48","guid":{"rendered":"https:\/\/ubfheidelberg.org\/Wordpress\/?p=11888"},"modified":"2025-12-02T19:12:38","modified_gmt":"2025-12-02T18:12:38","slug":"fragebogen-psalm-11-6","status":"publish","type":"post","link":"https:\/\/ubfheidelberg.org\/Wordpress\/fragebogen-psalm-11-6\/","title":{"rendered":"Fragebogen: Psalm 1,1-6 (Sonderlektion)"},"content":{"rendered":"<p><a href=\"https:\/\/ubfheidelberg.org\/Wordpress\/wp-content\/uploads\/2023\/09\/2023-SL-Psalm-1_0106.doc\">Download<\/a><\/p>\n<h2 style=\"text-align: center;\">Ein gesegneter Mensch<\/h2>\n<h3 style=\"text-align: center;\">\u201e\u2026 sondern hat Lust am Gesetz des Herrn und sinnt \u00fcber seinem Gesetz Tag und Nacht!\u201c<\/h3>\n<p style=\"text-align: center;\">(Psalm 1,2)<\/p>\n<ol>\n<li>Was vermeidet ein gesegneter Mensch aktiv (1)? Worauf beziehen sich der \u201eRat der Gottlosen\u201c, der \u201eWeg der S\u00fcnder\u201c und \u201ewo die Sp\u00f6tter sitzen\u201c?<\/li>\n<li>Was genie\u00dfen gesegnete Menschen aktiv (2a)? Inwieweit macht es ihnen Freude (2b)? Was bedeutet es, \u00fcber das Wort zu sinnen (Markus 4,20.24)?<\/li>\n<li>Wie sind diejenigen, die \u00fcber das Gesetz des Herrn nachsinnen (3a)? Was sind die Merkmale von B\u00e4umen, die an B\u00e4chen gepflanzt sind (3b)? Welche Fr\u00fcchte tragen sie?<\/li>\n<li>Was passiert mit dem gesegneten Menschen (3c)? Warum wird das, was er macht, gut (1. Mose 39,3; Josua 1,7.8; R\u00f6mer 8,28)?<\/li>\n<li>In welcher Hinsicht sind die Gottlosen wie Spreu, die der Wind verweht (4)? Was wird mit den Gottlosen am Tag des Gottlosen geschehen (5)? Welche Art von Mensch erkennt Gott an und was ist das Ende der B\u00f6sen (6)?<\/li>\n<\/ol>\n","protected":false},"excerpt":{"rendered":"<p>Download Ein gesegneter Mensch \u201e\u2026 sondern hat Lust am Gesetz des Herrn und sinnt \u00fcber seinem Gesetz Tag und Nacht!\u201c (Psalm 1,2) Was vermeidet ein gesegneter Mensch aktiv (1)? Worauf beziehen sich der \u201eRat der Gottlosen\u201c, der \u201eWeg der S\u00fcnder\u201c und \u201ewo die Sp\u00f6tter sitzen\u201c? Was genie\u00dfen gesegnete Menschen aktiv (2a)? Inwieweit macht es ihnen [&hellip;]<\/p>\n","protected":false},"author":14,"featured_media":0,"comment_status":"open","ping_status":"closed","sticky":false,"template":"","format":"standard","meta":{"ngg_post_thumbnail":0,"footnotes":""},"categories":[3,15,11],"tags":[],"class_list":["post-11888","post","type-post","status-publish","format-standard","hentry","category-fragebogen","category-psalm","category-sonderlektion"],"_links":{"self":[{"href":"https:\/\/ubfheidelberg.org\/Wordpress\/wp-json\/wp\/v2\/posts\/11888","targetHints":{"allow":["GET"]}}],"collection":[{"href":"https:\/\/ubfheidelberg.org\/Wordpress\/wp-json\/wp\/v2\/posts"}],"about":[{"href":"https:\/\/ubfheidelberg.org\/Wordpress\/wp-json\/wp\/v2\/types\/post"}],"author":[{"embeddable":true,"href":"https:\/\/ubfheidelberg.org\/Wordpress\/wp-json\/wp\/v2\/users\/14"}],"replies":[{"embeddable":true,"href":"https:\/\/ubfheidelberg.org\/Wordpress\/wp-json\/wp\/v2\/comments?post=11888"}],"version-history":[{"count":3,"href":"https:\/\/ubfheidelberg.org\/Wordpress\/wp-json\/wp\/v2\/posts\/11888\/revisions"}],"predecessor-version":[{"id":11892,"href":"https:\/\/ubfheidelberg.org\/Wordpress\/wp-json\/wp\/v2\/posts\/11888\/revisions\/11892"}],"wp:attachment":[{"href":"https:\/\/ubfheidelberg.org\/Wordpress\/wp-json\/wp\/v2\/media?parent=11888"}],"wp:term":[{"taxonomy":"category","embeddable":true,"href":"https:\/\/ubfheidelberg.org\/Wordpress\/wp-json\/wp\/v2\/categories?post=11888"},{"taxonomy":"post_tag","embeddable":true,"href":"https:\/\/ubfheidelberg.org\/Wordpress\/wp-json\/wp\/v2\/tags?post=11888"}],"curies":[{"name":"wp","href":"https:\/\/api.w.org\/{rel}","templated":true}]}}