{"id":11860,"date":"2023-09-03T12:00:00","date_gmt":"2023-09-03T10:00:00","guid":{"rendered":"https:\/\/ubfheidelberg.org\/Wordpress\/?p=11860"},"modified":"2025-12-02T19:12:38","modified_gmt":"2025-12-02T18:12:38","slug":"fragebogen-psalm-91-sonderlektion-schulanfang-2023","status":"publish","type":"post","link":"https:\/\/ubfheidelberg.org\/Wordpress\/fragebogen-psalm-91-sonderlektion-schulanfang-2023\/","title":{"rendered":"Fragebogen: Psalm 91 &#8212; Sonderlektion Schulanfang 2023"},"content":{"rendered":"<p style=\"text-align: left;\"><a href=\"https:\/\/ubfheidelberg.org\/Wordpress\/wp-content\/uploads\/2023\/09\/2023-Schulanfangsgottesdienst_Psalm-91.doc\"><strong>Download<\/strong><\/a><\/p>\n<h2 class=\"western\" align=\"center\">Im Schatten des Allm\u00e4chtigen<\/h2>\n<h3 style=\"text-align: center;\">\u201eWer im Schutz des H\u00f6chsten wohnt, der ruht im Schatten des Allm\u00e4chtigen.\u201c<\/h3>\n<p style=\"text-align: center;\">(Psalm 91,1 [E\u00dc2016])<\/p>\n<p><em>Anmerkung: f\u00fcr den Schulanfangsgottesdienst wird es eine k\u00fcrzere, hoffentlich f\u00fcr die Kinder\/Sch\u00fcler ansprechende Predigt zu den ersten zwei Versen des Psalms geben. Das soll uns nicht davon abhalten, beim Gruppenbibelstudium den ganzen Psalm zu betrachten und zu versuchen zu verstehen, was der ganze Psalm uns zu sagen hat.<\/em><\/p>\n<ol>\n<li>Lies den ganzen Psalm 91 (gerne mehrmals) durch. Bez\u00fcglich der Gliederung des Psalms ist es hilfreich, wenn wir uns die Personalpronomen genauer anschauen: Wer spricht hier zu wem? Welche Verse geh\u00f6ren dann folglich zusammen? Kannst du versuchen, die Hauptaussagen von den Abschnitten zusammenzufassen?<\/li>\n<li>Der Psalm spricht \u00fcber Gottes Bewahrung in den verschiedensten Umst\u00e4nden und vor vielen verschiedenen Arten von Gefahren. Welche genau?<br \/>\nWelche Arten von Bedr\u00e4ngnissen und N\u00f6ten siehst du in deinem Leben, und wie spricht dieser Psalm in dein Leben hinein?<\/li>\n<li>Es ist extrem wichtig, diesen Psalm nicht isoliert zu betrachten, sondern im Kontext der anderen Psalmen und letztlich der ganzen Bibel. Versuche auf folgende Fragen biblische und nuancierte Antworten zu finden:<br \/>\nWelchen Zusammenhang gibt es zwischen Gottes Bewahrung und unserem Gehorsam (z. B. Johannes 9)?<br \/>\nOhne die Aussagen von Psalm 91 relativieren zu wollen, wie verstehen wir biblische Texte (z. B. Hiob) und vielleicht unsere eigenen Erfahrungen, die dem zu widersprechen scheinen?<br \/>\nInwiefern wird unser Psalm nur dann Sinn ergeben, wenn wir ihn im Kontext des Evangeliums von Jesus Christus lesen?<\/li>\n<\/ol>\n<p>&nbsp;<\/p>\n<p>&nbsp;<\/p>\n","protected":false},"excerpt":{"rendered":"<p>Download Im Schatten des Allm\u00e4chtigen \u201eWer im Schutz des H\u00f6chsten wohnt, der ruht im Schatten des Allm\u00e4chtigen.\u201c (Psalm 91,1 [E\u00dc2016]) Anmerkung: f\u00fcr den Schulanfangsgottesdienst wird es eine k\u00fcrzere, hoffentlich f\u00fcr die Kinder\/Sch\u00fcler ansprechende Predigt zu den ersten zwei Versen des Psalms geben. Das soll uns nicht davon abhalten, beim Gruppenbibelstudium den ganzen Psalm zu betrachten [&hellip;]<\/p>\n","protected":false},"author":14,"featured_media":0,"comment_status":"open","ping_status":"closed","sticky":false,"template":"","format":"standard","meta":{"ngg_post_thumbnail":0,"footnotes":""},"categories":[3,15,52,11],"tags":[],"class_list":["post-11860","post","type-post","status-publish","format-standard","hentry","category-fragebogen","category-psalm","category-schulanfang","category-sonderlektion"],"_links":{"self":[{"href":"https:\/\/ubfheidelberg.org\/Wordpress\/wp-json\/wp\/v2\/posts\/11860","targetHints":{"allow":["GET"]}}],"collection":[{"href":"https:\/\/ubfheidelberg.org\/Wordpress\/wp-json\/wp\/v2\/posts"}],"about":[{"href":"https:\/\/ubfheidelberg.org\/Wordpress\/wp-json\/wp\/v2\/types\/post"}],"author":[{"embeddable":true,"href":"https:\/\/ubfheidelberg.org\/Wordpress\/wp-json\/wp\/v2\/users\/14"}],"replies":[{"embeddable":true,"href":"https:\/\/ubfheidelberg.org\/Wordpress\/wp-json\/wp\/v2\/comments?post=11860"}],"version-history":[{"count":2,"href":"https:\/\/ubfheidelberg.org\/Wordpress\/wp-json\/wp\/v2\/posts\/11860\/revisions"}],"predecessor-version":[{"id":11863,"href":"https:\/\/ubfheidelberg.org\/Wordpress\/wp-json\/wp\/v2\/posts\/11860\/revisions\/11863"}],"wp:attachment":[{"href":"https:\/\/ubfheidelberg.org\/Wordpress\/wp-json\/wp\/v2\/media?parent=11860"}],"wp:term":[{"taxonomy":"category","embeddable":true,"href":"https:\/\/ubfheidelberg.org\/Wordpress\/wp-json\/wp\/v2\/categories?post=11860"},{"taxonomy":"post_tag","embeddable":true,"href":"https:\/\/ubfheidelberg.org\/Wordpress\/wp-json\/wp\/v2\/tags?post=11860"}],"curies":[{"name":"wp","href":"https:\/\/api.w.org\/{rel}","templated":true}]}}