{"id":11850,"date":"2023-09-10T12:00:54","date_gmt":"2023-09-10T10:00:54","guid":{"rendered":"https:\/\/ubfheidelberg.org\/Wordpress\/?p=11850"},"modified":"2025-12-02T19:12:38","modified_gmt":"2025-12-02T18:12:38","slug":"fragebogen-2-timotheus-41-22","status":"publish","type":"post","link":"https:\/\/ubfheidelberg.org\/Wordpress\/fragebogen-2-timotheus-41-22\/","title":{"rendered":"Fragebogen: 2. Timotheus 4,1-22"},"content":{"rendered":"<p style=\"text-align: left;\"><a href=\"https:\/\/ubfheidelberg.org\/Wordpress\/wp-content\/uploads\/2023\/08\/2023_2Tim-4-0122.doc\"><strong>Download<\/strong><\/a><\/p>\n<h2 class=\"western\" align=\"center\">Ich habe den guten Kampf gek\u00e4mpft<\/h2>\n<h3 style=\"text-align: center;\">\u201eDenn ich werde schon geopfert, und die Zeit meines Hinscheidens ist gekommen. Ich habe den guten Kampf gek\u00e4mpft, ich habe den Lauf vollendet, ich habe Glauben gehalten.\u201c<\/h3>\n<p style=\"text-align: center;\">(2. Timotheus 4,6.7)<\/p>\n<ol>\n<li>Wie leitet Paulus im Vers 1 seine Anweisung an Timotheus ein und warum? Was f\u00fcr einen Befehl gibt Paulus ihm? Was bedeutet \u201ees sei zur Zeit oder zur Unzeit\u201c? Was bedeuten die Worte \u201eweise zurecht, drohe, ermahne\u201c (2b)?<\/li>\n<li>Was f\u00fcr eine Zeit sah Paulus voraus (3-4)? Was sollte Timotheus angesichts so einer Zeit tun (5)? Was bedeutet \u201esei n\u00fcchtern in allen Dingen\u201c (5a)?<\/li>\n<li>Wie beschreibt Paulus seinen bevorstehenden Tod (6)? Was bedeutet dies (4.Mose 15,1-12; 28,7.14)?<\/li>\n<li>Lies die Verse 6-8. Wie betrachtet Paulus sein Leben? Denke dar\u00fcber nach, was es praktisch bedeutet, den guten Kampf zu k\u00e4mpfen, den Glauben zu halten und den Lauf zu vollenden. Was k\u00f6nnen wir von Paulus lernen, wie wir unser Leben f\u00fchren sollen?<\/li>\n<li>Warum f\u00fcrchtet sich Paulus nicht vor dem Tod, und warum hat er kein Verlustgef\u00fchl? Worauf schaut er? Inwiefern ist es wichtig, dass wir das Ziel unseres Lebens vor Augen und eine Verhei\u00dfung von Gottes Belohnung haben?<\/li>\n<li>Lies die Verse 9-22. Was k\u00f6nnen wir \u00fcber die Mitarbeiter des Paulus und sein Interesse im Gef\u00e4ngnis erfahren? Was ist die Quelle seiner Kraft? Warum setzt er seine Hoffnung nicht auf die Menschen? Was erwartet er? Was k\u00f6nnen wir von ihm lernen?<\/li>\n<\/ol>\n","protected":false},"excerpt":{"rendered":"<p>Download Ich habe den guten Kampf gek\u00e4mpft \u201eDenn ich werde schon geopfert, und die Zeit meines Hinscheidens ist gekommen. Ich habe den guten Kampf gek\u00e4mpft, ich habe den Lauf vollendet, ich habe Glauben gehalten.\u201c (2. Timotheus 4,6.7) Wie leitet Paulus im Vers 1 seine Anweisung an Timotheus ein und warum? Was f\u00fcr einen Befehl gibt [&hellip;]<\/p>\n","protected":false},"author":14,"featured_media":0,"comment_status":"open","ping_status":"closed","sticky":false,"template":"","format":"standard","meta":{"ngg_post_thumbnail":0,"footnotes":""},"categories":[61,3],"tags":[],"class_list":["post-11850","post","type-post","status-publish","format-standard","hentry","category-2-timotheus","category-fragebogen"],"_links":{"self":[{"href":"https:\/\/ubfheidelberg.org\/Wordpress\/wp-json\/wp\/v2\/posts\/11850","targetHints":{"allow":["GET"]}}],"collection":[{"href":"https:\/\/ubfheidelberg.org\/Wordpress\/wp-json\/wp\/v2\/posts"}],"about":[{"href":"https:\/\/ubfheidelberg.org\/Wordpress\/wp-json\/wp\/v2\/types\/post"}],"author":[{"embeddable":true,"href":"https:\/\/ubfheidelberg.org\/Wordpress\/wp-json\/wp\/v2\/users\/14"}],"replies":[{"embeddable":true,"href":"https:\/\/ubfheidelberg.org\/Wordpress\/wp-json\/wp\/v2\/comments?post=11850"}],"version-history":[{"count":3,"href":"https:\/\/ubfheidelberg.org\/Wordpress\/wp-json\/wp\/v2\/posts\/11850\/revisions"}],"predecessor-version":[{"id":11857,"href":"https:\/\/ubfheidelberg.org\/Wordpress\/wp-json\/wp\/v2\/posts\/11850\/revisions\/11857"}],"wp:attachment":[{"href":"https:\/\/ubfheidelberg.org\/Wordpress\/wp-json\/wp\/v2\/media?parent=11850"}],"wp:term":[{"taxonomy":"category","embeddable":true,"href":"https:\/\/ubfheidelberg.org\/Wordpress\/wp-json\/wp\/v2\/categories?post=11850"},{"taxonomy":"post_tag","embeddable":true,"href":"https:\/\/ubfheidelberg.org\/Wordpress\/wp-json\/wp\/v2\/tags?post=11850"}],"curies":[{"name":"wp","href":"https:\/\/api.w.org\/{rel}","templated":true}]}}