{"id":11765,"date":"2023-06-18T12:00:36","date_gmt":"2023-06-18T10:00:36","guid":{"rendered":"https:\/\/ubfheidelberg.org\/Wordpress\/?p=11765"},"modified":"2025-02-04T05:38:41","modified_gmt":"2025-02-04T04:38:41","slug":"fragebogen-1-timotheus-11-20-2-teil-verse-12-20","status":"publish","type":"post","link":"https:\/\/ubfheidelberg.org\/Wordpress\/fragebogen-1-timotheus-11-20-2-teil-verse-12-20\/","title":{"rendered":"Fragebogen: 1. Timotheus 1,1-20  &#8212;  2.Teil: Verse 12-20"},"content":{"rendered":"<p style=\"text-align: left;\"><a href=\"https:\/\/ubfheidelberg.org\/Wordpress\/wp-content\/uploads\/2023\/06\/2023_1Tim-1-0120.doc\"><strong>Download<\/strong><\/a><\/p>\n<h2 class=\"western\" align=\"center\">Christus Jesus ist in die Welt gekommen<\/h2>\n<h3 style=\"text-align: center;\">\u201eDas ist gewisslich wahr und ein Wort, des Glaubens wert, dass Christus Jesus in die Welt gekommen ist, die S\u00fcnder selig zu machen, unter denen ich der erste bin.\u201c<\/h3>\n<p style=\"text-align: center;\">(1. Timotheus 1,15)<\/p>\n<p><strong>Teil 1<\/strong><\/p>\n<ol>\n<li>Welche Beziehung bestand zwischen Paulus und Timotheus (2a; 2.Tim 1,5; Apg 16,3)? Wo war Timotheus und welche Aufgabe hatte er dort (3)?<\/li>\n<li>Was ist das Ziel aller christlicher Unterweisung (5)? Inwiefern gab dieses Wort Timotheus Orientierung f\u00fcr seinen Dienst in Ephesus? Welche Orientierung gibt dieses Wort auch uns?<\/li>\n<li>Was sagen die Verse 8-10 \u00fcber das Wesen des Gesetzes und \u00fcber seinen rechten Gebrauch? Wie wird das Problem der Ungerechten im Evangelium gel\u00f6st (11)?<\/li>\n<\/ol>\n<p><strong>Teil 2<\/strong><\/p>\n<ol start=\"4\">\n<li>Wof\u00fcr dankte Paulus Gott (12)? Was f\u00fcr ein Mensch war er gewesen (13a)? Wie erwies Gott ihm aber seine Barmherzigkeit, und wie wirkte sich das aus (13b.14)?<\/li>\n<li>Was wusste Paulus \u00fcber sich selbst (15)? Warum ist es f\u00fcr jeden von uns notwendig, zu wissen, was f\u00fcr ein S\u00fcnder er ist (1.Kor 15,9-10)? Was begriff Paulus \u00fcber Jesu Willen, und zu welchem Lob veranlasste ihn das (16.17)?<\/li>\n<li>Inwiefern sollte Timotheus aufgrund dieser Lehre einen \u201eguten Kampf\u201c k\u00e4mpfen (18)? Warum m\u00fcssen auch wir einen guten Kampf k\u00e4mpfen, und wie k\u00f6nnen wir das tun? Was war das Geheimnis von Paulus (15)?<\/li>\n<\/ol>\n","protected":false},"excerpt":{"rendered":"<p>Download Christus Jesus ist in die Welt gekommen \u201eDas ist gewisslich wahr und ein Wort, des Glaubens wert, dass Christus Jesus in die Welt gekommen ist, die S\u00fcnder selig zu machen, unter denen ich der erste bin.\u201c (1. Timotheus 1,15) Teil 1 Welche Beziehung bestand zwischen Paulus und Timotheus (2a; 2.Tim 1,5; Apg 16,3)? Wo [&hellip;]<\/p>\n","protected":false},"author":14,"featured_media":0,"comment_status":"open","ping_status":"closed","sticky":false,"template":"","format":"standard","meta":{"ngg_post_thumbnail":0,"footnotes":""},"categories":[60,3],"tags":[],"class_list":["post-11765","post","type-post","status-publish","format-standard","hentry","category-1-timotheus","category-fragebogen"],"_links":{"self":[{"href":"https:\/\/ubfheidelberg.org\/Wordpress\/wp-json\/wp\/v2\/posts\/11765","targetHints":{"allow":["GET"]}}],"collection":[{"href":"https:\/\/ubfheidelberg.org\/Wordpress\/wp-json\/wp\/v2\/posts"}],"about":[{"href":"https:\/\/ubfheidelberg.org\/Wordpress\/wp-json\/wp\/v2\/types\/post"}],"author":[{"embeddable":true,"href":"https:\/\/ubfheidelberg.org\/Wordpress\/wp-json\/wp\/v2\/users\/14"}],"replies":[{"embeddable":true,"href":"https:\/\/ubfheidelberg.org\/Wordpress\/wp-json\/wp\/v2\/comments?post=11765"}],"version-history":[{"count":1,"href":"https:\/\/ubfheidelberg.org\/Wordpress\/wp-json\/wp\/v2\/posts\/11765\/revisions"}],"predecessor-version":[{"id":11766,"href":"https:\/\/ubfheidelberg.org\/Wordpress\/wp-json\/wp\/v2\/posts\/11765\/revisions\/11766"}],"wp:attachment":[{"href":"https:\/\/ubfheidelberg.org\/Wordpress\/wp-json\/wp\/v2\/media?parent=11765"}],"wp:term":[{"taxonomy":"category","embeddable":true,"href":"https:\/\/ubfheidelberg.org\/Wordpress\/wp-json\/wp\/v2\/categories?post=11765"},{"taxonomy":"post_tag","embeddable":true,"href":"https:\/\/ubfheidelberg.org\/Wordpress\/wp-json\/wp\/v2\/tags?post=11765"}],"curies":[{"name":"wp","href":"https:\/\/api.w.org\/{rel}","templated":true}]}}