{"id":11734,"date":"2023-05-21T12:00:27","date_gmt":"2023-05-21T10:00:27","guid":{"rendered":"https:\/\/ubfheidelberg.org\/Wordpress\/?p=11734"},"modified":"2025-02-04T05:38:42","modified_gmt":"2025-02-04T04:38:42","slug":"fragebogen-roemer-812-17","status":"publish","type":"post","link":"https:\/\/ubfheidelberg.org\/Wordpress\/fragebogen-roemer-812-17\/","title":{"rendered":"Fragebogen: R\u00f6mer 8,12-17 &#8212; Sonderlektion zu Pfingsten 2023"},"content":{"rendered":"<p style=\"text-align: left;\"><a href=\"https:\/\/ubfheidelberg.org\/Wordpress\/wp-content\/uploads\/2023\/05\/2023-Roemer-8_12-17_Pfingsten.doc\"><strong>Download<\/strong><\/a><\/p>\n<h2 class=\"western\" align=\"center\">Was der Geist in uns tut<\/h2>\n<h3 style=\"text-align: center;\">\u201eDenn welche der Geist Gottes treibt, die sind Gottes Kinder.\u201c<\/h3>\n<p style=\"text-align: center;\">(R\u00f6mer 8,14)<\/p>\n<ol>\n<li>Das 8. Kapitel vom R\u00f6merbrief wird von vielen Auslegern als der H\u00f6hepunkt des Briefs gesehen (manche gehen so weit, dass sie vom gr\u00f6\u00dften Kapitel der Bibel sprechen). Was ist der Kontext des Textes? Wie kontrastiert Paulus die unter\u00adschiedlichen Naturen? Betrachte dazu auch die Verse 12 und 13.<\/li>\n<li>Vers 14 beginnt mit dem Wort \u201edenn\u201c; das hei\u00dft, Vers 14 ist eine Begr\u00fcndung f\u00fcr das, was in Vers 13 steht. Welchen kausalen Zusammenhang gibt es hier? Denke \u00fcber den Kontrast zwischen \u201eGottes Kinder\u201c und \u201eKnechtschaft\u201c bzw. \u00e4ngstlichen Sklaven nach. Fallen dir praktische Anwendungen daf\u00fcr ein?<\/li>\n<li>Der Heilige Geist bezeugt unserem Geist, dass wir Kinder Gottes sind. Wie geschieht das in unseren Herzen? Was bedeutet das f\u00fcr unser allt\u00e4gliches Leben?<\/li>\n<\/ol>\n","protected":false},"excerpt":{"rendered":"<p>Download Was der Geist in uns tut \u201eDenn welche der Geist Gottes treibt, die sind Gottes Kinder.\u201c (R\u00f6mer 8,14) Das 8. Kapitel vom R\u00f6merbrief wird von vielen Auslegern als der H\u00f6hepunkt des Briefs gesehen (manche gehen so weit, dass sie vom gr\u00f6\u00dften Kapitel der Bibel sprechen). Was ist der Kontext des Textes? Wie kontrastiert Paulus [&hellip;]<\/p>\n","protected":false},"author":14,"featured_media":0,"comment_status":"open","ping_status":"closed","sticky":false,"template":"","format":"standard","meta":{"ngg_post_thumbnail":0,"footnotes":""},"categories":[3,31],"tags":[],"class_list":["post-11734","post","type-post","status-publish","format-standard","hentry","category-fragebogen","category-roemerbrief"],"_links":{"self":[{"href":"https:\/\/ubfheidelberg.org\/Wordpress\/wp-json\/wp\/v2\/posts\/11734","targetHints":{"allow":["GET"]}}],"collection":[{"href":"https:\/\/ubfheidelberg.org\/Wordpress\/wp-json\/wp\/v2\/posts"}],"about":[{"href":"https:\/\/ubfheidelberg.org\/Wordpress\/wp-json\/wp\/v2\/types\/post"}],"author":[{"embeddable":true,"href":"https:\/\/ubfheidelberg.org\/Wordpress\/wp-json\/wp\/v2\/users\/14"}],"replies":[{"embeddable":true,"href":"https:\/\/ubfheidelberg.org\/Wordpress\/wp-json\/wp\/v2\/comments?post=11734"}],"version-history":[{"count":2,"href":"https:\/\/ubfheidelberg.org\/Wordpress\/wp-json\/wp\/v2\/posts\/11734\/revisions"}],"predecessor-version":[{"id":11752,"href":"https:\/\/ubfheidelberg.org\/Wordpress\/wp-json\/wp\/v2\/posts\/11734\/revisions\/11752"}],"wp:attachment":[{"href":"https:\/\/ubfheidelberg.org\/Wordpress\/wp-json\/wp\/v2\/media?parent=11734"}],"wp:term":[{"taxonomy":"category","embeddable":true,"href":"https:\/\/ubfheidelberg.org\/Wordpress\/wp-json\/wp\/v2\/categories?post=11734"},{"taxonomy":"post_tag","embeddable":true,"href":"https:\/\/ubfheidelberg.org\/Wordpress\/wp-json\/wp\/v2\/tags?post=11734"}],"curies":[{"name":"wp","href":"https:\/\/api.w.org\/{rel}","templated":true}]}}