{"id":11297,"date":"2022-12-25T12:00:43","date_gmt":"2022-12-25T11:00:43","guid":{"rendered":"https:\/\/ubfheidelberg.org\/?p=11297"},"modified":"2025-02-04T05:38:49","modified_gmt":"2025-02-04T04:38:49","slug":"fragebogen-roemer-151-13-lektion-zum-neuen-jahr-2023-2","status":"publish","type":"post","link":"https:\/\/ubfheidelberg.org\/Wordpress\/fragebogen-roemer-151-13-lektion-zum-neuen-jahr-2023-2\/","title":{"rendered":"Fragebogen: R\u00f6mer 15,1-13  &#8211; Lektion 1 zum Neuen Jahr 2023"},"content":{"rendered":"<p style=\"text-align: left;\"><a href=\"https:\/\/ubfheidelberg.org\/Wordpress\/wp-content\/uploads\/2022\/12\/2023_Roemer_15_0113_Fragebogen.doc\"><strong>Download<\/strong><\/a><\/p>\n<h2 class=\"western\" align=\"center\">Einm\u00fctig mit einem Munde Gott loben<\/h2>\n<h3 style=\"text-align: center;\">\u201eDer Gott aber der Geduld und des Trostes gebe euch, dass ihr eintr\u00e4chtig gesinnt seid untereinander, Christus Jesus gem\u00e4\u00df, damit ihr einm\u00fctig mit einem Munde Gott lobt, den Vater unseres Herrn Jesus Christus.\u201c<\/h3>\n<p style=\"text-align: center;\">(R\u00f6mer 15,5.6)<\/p>\n<ol>\n<li class=\"western\" lang=\"en\"><span style=\"font-size: medium;\"><span lang=\"de-DE\">Wie sollen sich die Starken gegen\u00fcber den Schwachen verhalten (1)? Wer sind die Starken und wer sind die Schwachen (14,1.5.6.22)? Was bedeutet es, die Schw\u00e4chen derer zu tragen, die nicht stark sind? <\/span><\/span><span style=\"font-size: medium;\">Warum m\u00fcssen wir das tun (2)?<\/span><\/li>\n<li class=\"western\" lang=\"en\"><span style=\"font-size: medium;\">W<\/span><span style=\"font-size: medium;\"><span lang=\"de-DE\">elches Beispiel hat Christus gegeben (3)? Wie hilft uns die Schrift, dem Beispiel Christi zu folgen (4)? <\/span><\/span><span style=\"font-size: medium;\">Welche Hoffnung k\u00f6nnen wir haben?<\/span><\/li>\n<li class=\"western\" lang=\"en\"><span style=\"font-size: medium;\"><span lang=\"de-DE\">Wie beschreibt Paulus Gott, und wof\u00fcr betet er (5\u20136)? Warum ist es notwendig, \u201eeinm\u00fctig mit einem Mund\u201c Gott zu loben, um ihn zu verherrlichen? Was m\u00fcssen wir tun, wenn wir daf\u00fcr beten, und wie k\u00f6nnen wir das tun (7)?<\/span><\/span><\/li>\n<li class=\"western\" lang=\"en\"><span style=\"font-size: medium;\"><span lang=\"de-DE\">Wie hat Jesus Gottes Verhei\u00dfungen best\u00e4tigt (8-9a)? Was bedeutet es, dass Jesus ein Diener der Beschneidung wurde? Wie hat Paulus das von der Schrift her erkl\u00e4rt (9b-12)? <\/span><\/span><span style=\"font-size: medium;\">Wie hilft uns \u201eder Gott der Hoffnung\u201c (13)?<\/span><\/li>\n<li class=\"western\" lang=\"en\"><span style=\"font-size: medium;\"><span lang=\"de-DE\">Wie k\u00f6nnen wir als eine Gemeinschaft gemeinsam Gott im Jahr 2023 verherrlichen? <\/span><\/span><span style=\"font-size: medium;\">Wof\u00fcr sollten wir beten?<\/span><\/li>\n<\/ol>\n<p>&nbsp;<\/p>\n<p>&nbsp;<\/p>\n","protected":false},"excerpt":{"rendered":"<p>Download Einm\u00fctig mit einem Munde Gott loben \u201eDer Gott aber der Geduld und des Trostes gebe euch, dass ihr eintr\u00e4chtig gesinnt seid untereinander, Christus Jesus gem\u00e4\u00df, damit ihr einm\u00fctig mit einem Munde Gott lobt, den Vater unseres Herrn Jesus Christus.\u201c (R\u00f6mer 15,5.6) Wie sollen sich die Starken gegen\u00fcber den Schwachen verhalten (1)? Wer sind die [&hellip;]<\/p>\n","protected":false},"author":14,"featured_media":0,"comment_status":"open","ping_status":"closed","sticky":false,"template":"","format":"standard","meta":{"ngg_post_thumbnail":0,"footnotes":""},"categories":[3,40,31],"tags":[],"class_list":["post-11297","post","type-post","status-publish","format-standard","hentry","category-fragebogen","category-neujahr","category-roemerbrief"],"_links":{"self":[{"href":"https:\/\/ubfheidelberg.org\/Wordpress\/wp-json\/wp\/v2\/posts\/11297","targetHints":{"allow":["GET"]}}],"collection":[{"href":"https:\/\/ubfheidelberg.org\/Wordpress\/wp-json\/wp\/v2\/posts"}],"about":[{"href":"https:\/\/ubfheidelberg.org\/Wordpress\/wp-json\/wp\/v2\/types\/post"}],"author":[{"embeddable":true,"href":"https:\/\/ubfheidelberg.org\/Wordpress\/wp-json\/wp\/v2\/users\/14"}],"replies":[{"embeddable":true,"href":"https:\/\/ubfheidelberg.org\/Wordpress\/wp-json\/wp\/v2\/comments?post=11297"}],"version-history":[{"count":2,"href":"https:\/\/ubfheidelberg.org\/Wordpress\/wp-json\/wp\/v2\/posts\/11297\/revisions"}],"predecessor-version":[{"id":11326,"href":"https:\/\/ubfheidelberg.org\/Wordpress\/wp-json\/wp\/v2\/posts\/11297\/revisions\/11326"}],"wp:attachment":[{"href":"https:\/\/ubfheidelberg.org\/Wordpress\/wp-json\/wp\/v2\/media?parent=11297"}],"wp:term":[{"taxonomy":"category","embeddable":true,"href":"https:\/\/ubfheidelberg.org\/Wordpress\/wp-json\/wp\/v2\/categories?post=11297"},{"taxonomy":"post_tag","embeddable":true,"href":"https:\/\/ubfheidelberg.org\/Wordpress\/wp-json\/wp\/v2\/tags?post=11297"}],"curies":[{"name":"wp","href":"https:\/\/api.w.org\/{rel}","templated":true}]}}