{"id":1123,"date":"2010-09-27T05:43:51","date_gmt":"2010-09-27T04:43:51","guid":{"rendered":"http:\/\/ubfheidelberg.org\/?p=1123"},"modified":"2023-01-29T20:49:17","modified_gmt":"2023-01-29T19:49:17","slug":"fragebogen-2-samuel-11-525","status":"publish","type":"post","link":"https:\/\/ubfheidelberg.org\/Wordpress\/fragebogen-2-samuel-11-525\/","title":{"rendered":"Fragebogen: 2.Samuel 1,1 &#8211; 5,25"},"content":{"rendered":"<p><strong><a href=\"https:\/\/ubfheidelberg.org\/Wordpress\/wp-content\/uploads\/2010\/09\/F15-2Sa0101-0525.doc\">Download<\/a><\/strong><\/p>\n<h2 style=\"text-align: center;\"><strong>Sie salbten David zum K\u00f6nig \u00fcber Israel<\/strong><\/h2>\n<h3 style=\"text-align: center;\">\u201e<em><strong>Und es kamen alle \u00c4ltesten in Israel zum K\u00f6nig nach Hebron.<br \/>\nUnd der K\u00f6nig David schlo\u00df mit ihnen einen Bund in Hebron vor dem Herrn,<br \/>\nund sie salbten David zum K\u00f6nig \u00fcber Israel<\/strong><\/em><em><strong>\u201d <\/strong><\/em><\/h3>\n<p style=\"text-align: center;\">(2.Sam 5,3)<\/p>\n<p><!-- p { margin-bottom: 0.21cm; } --><\/p>\n<ol>\n<li>Was berichtete ein Amalekiter, und wie log er dabei (1,1-10)? Wie sehr war David von wegen des Todes Sauls betroffen (11-16)? Beschreibe Davids Trauer \u00fcber den Tod von Saul und Jonatan (23-27).<\/li>\n<li>Wie wurde David K\u00f6nig \u00fcber Juda, und was tat er danach als erstes (2,1-7)? Wen haben die \u00fcbrigen elf St\u00e4mme als K\u00f6nig eingesetzt (8.9)? Beschreibe den Bruderkrieg zwischen den beiden K\u00f6nigreichen (2,12-3,1).<\/li>\n<li>Wie kam es dazu, dass Abner David das Reich Israel \u00fcbergeben wollte (6-12)? Wie empfing David ihn (13-21)? Warum und wie behinderte Joab diesen Prozess (22-27)? Wie ging David mit diesem Ereignis um (31.32.37)?<\/li>\n<li>Wie bestrafte David die Leute, die das Haupt Isch-Boschets brachten (4,5-12)? Warum haben alle St\u00e4mme Israels David zum K\u00f6nig gesalbt (5,1-5)?<\/li>\n<li>Warum wurde David immer st\u00e4rker (10)? Woran erinnerte er sich in dieser Segenszeit (12)? Wie f\u00fchrte er K\u00f6nig gegen die Philister (17-25)? Beschreibe, wie David K\u00f6nig wurde.<\/li>\n<\/ol>\n","protected":false},"excerpt":{"rendered":"<p>Download Sie salbten David zum K\u00f6nig \u00fcber Israel \u201eUnd es kamen alle \u00c4ltesten in Israel zum K\u00f6nig nach Hebron. Und der K\u00f6nig David schlo\u00df mit ihnen einen Bund in Hebron vor dem Herrn, und sie salbten David zum K\u00f6nig \u00fcber Israel\u201d (2.Sam 5,3) Was berichtete ein Amalekiter, und wie log er dabei (1,1-10)? Wie sehr [&hellip;]<\/p>\n","protected":false},"author":14,"featured_media":0,"comment_status":"open","ping_status":"closed","sticky":false,"template":"","format":"standard","meta":{"ngg_post_thumbnail":0,"footnotes":""},"categories":[57,3],"tags":[],"class_list":["post-1123","post","type-post","status-publish","format-standard","hentry","category-2-samuel","category-fragebogen"],"_links":{"self":[{"href":"https:\/\/ubfheidelberg.org\/Wordpress\/wp-json\/wp\/v2\/posts\/1123","targetHints":{"allow":["GET"]}}],"collection":[{"href":"https:\/\/ubfheidelberg.org\/Wordpress\/wp-json\/wp\/v2\/posts"}],"about":[{"href":"https:\/\/ubfheidelberg.org\/Wordpress\/wp-json\/wp\/v2\/types\/post"}],"author":[{"embeddable":true,"href":"https:\/\/ubfheidelberg.org\/Wordpress\/wp-json\/wp\/v2\/users\/14"}],"replies":[{"embeddable":true,"href":"https:\/\/ubfheidelberg.org\/Wordpress\/wp-json\/wp\/v2\/comments?post=1123"}],"version-history":[{"count":4,"href":"https:\/\/ubfheidelberg.org\/Wordpress\/wp-json\/wp\/v2\/posts\/1123\/revisions"}],"predecessor-version":[{"id":11444,"href":"https:\/\/ubfheidelberg.org\/Wordpress\/wp-json\/wp\/v2\/posts\/1123\/revisions\/11444"}],"wp:attachment":[{"href":"https:\/\/ubfheidelberg.org\/Wordpress\/wp-json\/wp\/v2\/media?parent=1123"}],"wp:term":[{"taxonomy":"category","embeddable":true,"href":"https:\/\/ubfheidelberg.org\/Wordpress\/wp-json\/wp\/v2\/categories?post=1123"},{"taxonomy":"post_tag","embeddable":true,"href":"https:\/\/ubfheidelberg.org\/Wordpress\/wp-json\/wp\/v2\/tags?post=1123"}],"curies":[{"name":"wp","href":"https:\/\/api.w.org\/{rel}","templated":true}]}}