{"id":1080,"date":"2010-09-20T17:11:25","date_gmt":"2010-09-20T15:11:25","guid":{"rendered":"http:\/\/ubfheidelberg.org\/?p=1080"},"modified":"2023-01-29T20:50:58","modified_gmt":"2023-01-29T19:50:58","slug":"fragebogen-1-samuel-271-3113-2","status":"publish","type":"post","link":"https:\/\/ubfheidelberg.org\/Wordpress\/fragebogen-1-samuel-271-3113-2\/","title":{"rendered":"Fragebogen: 1.Samuel 27,1-31,13"},"content":{"rendered":"<p><a href=\"https:\/\/ubfheidelberg.org\/Wordpress\/wp-content\/uploads\/2010\/09\/F14-1Sa2701-3113.doc\">Download<\/a><\/p>\n<h2 style=\"text-align: center;\"><strong>David  st\u00e4rkte  sich  in  dem Herrn<\/strong><\/h2>\n<h3 style=\"text-align: center;\">\u201e<em><strong>Und David geriet in gro\u00dfe Bedr\u00e4ngnis, weil die Leute ihn steinigen wollten; denn die Seele des ganzen Volks war erbittert, ein jeder wegen seiner S\u00f6hne und T\u00f6chter. David aber st\u00e4rkte sich in dem Herrn, seinem Gott.\u201d <\/strong><\/em><\/h3>\n<p style=\"text-align: center;\"><em>(30,6)<\/em><\/p>\n<ol>\n<li>Wovor f\u00fcrchtete sich David und was tat er (27,1-4)?  Welche heikle Lage von David beschreiben die Verse 5-12?<\/li>\n<li>Wie war Sauls innere Lage vor dem Krieg gegen die Philister und warum (28,1-6.15; vgl. 11,6.7)?  Welchen Ausweg suchte er (7-25)?<\/li>\n<li>Wie kam es dazu, dass David nicht gegen Israel k\u00e4mpfen musste (Kap. 29)?<\/li>\n<li>Was geschah inzwischen in Ziklag (30,1-5)?  In welche Bedr\u00e4ngnis geriet David (6a)?  Wie konnte David sich st\u00e4rken (6b)?  Was tat er dann konkret (7-10)?<\/li>\n<li>Wie konnten sie alles zur\u00fcckgewinnen (11-20)?  Warum sagten sie: \u201eDas ist Davids Beute\u201c?  Wie verteilte David die Beute und was erwies er dadurch (21-31)?<\/li>\n<li>Beschreibe den Krieg zwischen den Philistern und Israel (31,1-7).  Wie starb Saul?  Was geschah mit Sauls Haupt und R\u00fcstung (8-10)?  Und mit seinem Leichnam (11-13)?<\/li>\n<\/ol>\n","protected":false},"excerpt":{"rendered":"<p>Download David st\u00e4rkte sich in dem Herrn \u201eUnd David geriet in gro\u00dfe Bedr\u00e4ngnis, weil die Leute ihn steinigen wollten; denn die Seele des ganzen Volks war erbittert, ein jeder wegen seiner S\u00f6hne und T\u00f6chter. David aber st\u00e4rkte sich in dem Herrn, seinem Gott.\u201d (30,6) Wovor f\u00fcrchtete sich David und was tat er (27,1-4)? Welche heikle [&hellip;]<\/p>\n","protected":false},"author":14,"featured_media":0,"comment_status":"open","ping_status":"closed","sticky":false,"template":"","format":"standard","meta":{"ngg_post_thumbnail":0,"footnotes":""},"categories":[45,3],"tags":[],"class_list":["post-1080","post","type-post","status-publish","format-standard","hentry","category-1-samuel","category-fragebogen"],"_links":{"self":[{"href":"https:\/\/ubfheidelberg.org\/Wordpress\/wp-json\/wp\/v2\/posts\/1080","targetHints":{"allow":["GET"]}}],"collection":[{"href":"https:\/\/ubfheidelberg.org\/Wordpress\/wp-json\/wp\/v2\/posts"}],"about":[{"href":"https:\/\/ubfheidelberg.org\/Wordpress\/wp-json\/wp\/v2\/types\/post"}],"author":[{"embeddable":true,"href":"https:\/\/ubfheidelberg.org\/Wordpress\/wp-json\/wp\/v2\/users\/14"}],"replies":[{"embeddable":true,"href":"https:\/\/ubfheidelberg.org\/Wordpress\/wp-json\/wp\/v2\/comments?post=1080"}],"version-history":[{"count":4,"href":"https:\/\/ubfheidelberg.org\/Wordpress\/wp-json\/wp\/v2\/posts\/1080\/revisions"}],"predecessor-version":[{"id":1085,"href":"https:\/\/ubfheidelberg.org\/Wordpress\/wp-json\/wp\/v2\/posts\/1080\/revisions\/1085"}],"wp:attachment":[{"href":"https:\/\/ubfheidelberg.org\/Wordpress\/wp-json\/wp\/v2\/media?parent=1080"}],"wp:term":[{"taxonomy":"category","embeddable":true,"href":"https:\/\/ubfheidelberg.org\/Wordpress\/wp-json\/wp\/v2\/categories?post=1080"},{"taxonomy":"post_tag","embeddable":true,"href":"https:\/\/ubfheidelberg.org\/Wordpress\/wp-json\/wp\/v2\/tags?post=1080"}],"curies":[{"name":"wp","href":"https:\/\/api.w.org\/{rel}","templated":true}]}}