{"id":10645,"date":"2022-06-19T12:00:37","date_gmt":"2022-06-19T10:00:37","guid":{"rendered":"https:\/\/ubfheidelberg.org\/?p=10645"},"modified":"2022-11-18T12:11:07","modified_gmt":"2022-11-18T11:11:07","slug":"fragebogen-lukas-61-16-teil-b","status":"publish","type":"post","link":"https:\/\/ubfheidelberg.org\/Wordpress\/fragebogen-lukas-61-16-teil-b\/","title":{"rendered":"Fragebogen: Lukas 6,1-16  &#8212; Teil B)"},"content":{"rendered":"<p style=\"text-align: left;\"><a href=\"https:\/\/ubfheidelberg.org\/Wordpress\/wp-content\/uploads\/2022\/06\/2022-Lukas-L.-7_6-0116.doc\"><strong>Download<\/strong><\/a><\/p>\n<h2 class=\"western\" align=\"center\">Jesus erw\u00e4hlt die Zw\u00f6lf<\/h2>\n<h3 style=\"text-align: center;\">\u201eUnd als es Tag wurde, rief er seine J\u00fcnger und erw\u00e4hlte zw\u00f6lf von ihnen, die er auch Apostel nannte.\u201c<\/h3>\n<p style=\"text-align: center;\">(Lukasevangelium 6,13)<\/p>\n<p>Teil A)&nbsp; Verse 1-11<\/p>\n<ol>\n<li>Weshalb beschuldigten einige Pharis\u00e4er die J\u00fcnger an einem Sabbat (1.2)? Wie verteidigte Jesus seine J\u00fcnger (3.4)? Als wen proklamierte er sich dabei (5)?<\/li>\n<li>Wer war an einem anderen Sabbat auch in der Synagoge, als Jesus dort lehrte (6)? Mit welcher Absicht beobachteten ihn die Schriftgelehrten und Pharis\u00e4er (7)?<\/li>\n<li>Was tat Jesus, als er erkannte, was sie dachten (8-10)? Was wollte Jesus sie dadurch lehren? Doch wie reagierten sie (11)?<\/li>\n<\/ol>\n<p>Teil B)&nbsp; Verse 12-16<\/p>\n<ol start=\"4\">\n<li>Warum betete Jesus die ganze Nacht zu Gott (12)? Was tat er, als der Tag anbrach (13)? Was bedeutet es, dass er die zw\u00f6lf Apostel erw\u00e4hlte?<\/li>\n<li>Nenne die Namen der zw\u00f6lf Apostel (14-16). Was f\u00fcr Menschen waren sie und was f\u00fcr ein Leben w\u00fcrden sie in Zukunft f\u00fchren? Was lernen wir von Jesus, der die zw\u00f6lf Apostel erw\u00e4hlt hat?<\/li>\n<\/ol>\n","protected":false},"excerpt":{"rendered":"<p>Download Jesus erw\u00e4hlt die Zw\u00f6lf \u201eUnd als es Tag wurde, rief er seine J\u00fcnger und erw\u00e4hlte zw\u00f6lf von ihnen, die er auch Apostel nannte.\u201c (Lukasevangelium 6,13) Teil A)&nbsp; Verse 1-11 Weshalb beschuldigten einige Pharis\u00e4er die J\u00fcnger an einem Sabbat (1.2)? Wie verteidigte Jesus seine J\u00fcnger (3.4)? Als wen proklamierte er sich dabei (5)? Wer war [&hellip;]<\/p>\n","protected":false},"author":14,"featured_media":0,"comment_status":"open","ping_status":"closed","sticky":false,"template":"","format":"standard","meta":{"ngg_post_thumbnail":0,"footnotes":""},"categories":[3,13],"tags":[],"class_list":["post-10645","post","type-post","status-publish","format-standard","hentry","category-fragebogen","category-lukas"],"_links":{"self":[{"href":"https:\/\/ubfheidelberg.org\/Wordpress\/wp-json\/wp\/v2\/posts\/10645","targetHints":{"allow":["GET"]}}],"collection":[{"href":"https:\/\/ubfheidelberg.org\/Wordpress\/wp-json\/wp\/v2\/posts"}],"about":[{"href":"https:\/\/ubfheidelberg.org\/Wordpress\/wp-json\/wp\/v2\/types\/post"}],"author":[{"embeddable":true,"href":"https:\/\/ubfheidelberg.org\/Wordpress\/wp-json\/wp\/v2\/users\/14"}],"replies":[{"embeddable":true,"href":"https:\/\/ubfheidelberg.org\/Wordpress\/wp-json\/wp\/v2\/comments?post=10645"}],"version-history":[{"count":1,"href":"https:\/\/ubfheidelberg.org\/Wordpress\/wp-json\/wp\/v2\/posts\/10645\/revisions"}],"predecessor-version":[{"id":10646,"href":"https:\/\/ubfheidelberg.org\/Wordpress\/wp-json\/wp\/v2\/posts\/10645\/revisions\/10646"}],"wp:attachment":[{"href":"https:\/\/ubfheidelberg.org\/Wordpress\/wp-json\/wp\/v2\/media?parent=10645"}],"wp:term":[{"taxonomy":"category","embeddable":true,"href":"https:\/\/ubfheidelberg.org\/Wordpress\/wp-json\/wp\/v2\/categories?post=10645"},{"taxonomy":"post_tag","embeddable":true,"href":"https:\/\/ubfheidelberg.org\/Wordpress\/wp-json\/wp\/v2\/tags?post=10645"}],"curies":[{"name":"wp","href":"https:\/\/api.w.org\/{rel}","templated":true}]}}