{"id":10631,"date":"2022-06-26T12:00:01","date_gmt":"2022-06-26T10:00:01","guid":{"rendered":"https:\/\/ubfheidelberg.org\/?p=10631"},"modified":"2022-11-18T12:11:06","modified_gmt":"2022-11-18T11:11:06","slug":"fragebogen-lukas-617-49","status":"publish","type":"post","link":"https:\/\/ubfheidelberg.org\/Wordpress\/fragebogen-lukas-617-49\/","title":{"rendered":"Fragebogen: Lukas 6,17-49 &#8211; Teil A)"},"content":{"rendered":"<p style=\"text-align: left;\"><a href=\"https:\/\/ubfheidelberg.org\/Wordpress\/wp-content\/uploads\/2022\/06\/2022-Lukas-L.-8_6-1749.doc\"><strong>Download<\/strong><\/a><\/p>\n<h2 class=\"western\" align=\"center\">Liebt eure Feinde<\/h2>\n<h3 style=\"text-align: center;\">\u201eVielmehr liebt eure Feinde und tut Gutes und leiht, ohne etwas daf\u00fcr zu erhoffen. So wird euer Lohn gro\u00df sein, und ihr werdet Kinder des H\u00f6chsten sein; denn er ist g\u00fctig gegen die Undankbaren und B\u00f6sen.\u201c<\/h3>\n<p style=\"text-align: center;\">(Lukasevangelium 6,35)<\/p>\n<p>Teil A)&nbsp; Verse 17\u201326<\/p>\n<ol>\n<li>Wo spricht Jesus zu wem (17-19)? Von welchen Menschen sagt Jesus, dass sie selig sind (20-23)? Warum sagt er aber \u201eWehe euch\u201c zu denen, die jetzt reich und satt sind, die jetzt lachen und \u00fcber die jeder gut redet (24-26)?<\/li>\n<\/ol>\n<p>Teil B) Verse 27\u201349<\/p>\n<ol start=\"2\">\n<li>Wie sollen wir die Menschen behandeln, die wie Feinde sind (27-31)? Warum sollen wir sogar unsere Feinde lieben und ihnen Gutes tun (32-35; vgl. Epheser 4,32-5,2)? Was f\u00fcr Menschen sollen wir nach Jesu Wunsch werden (36)?<\/li>\n<li>Warum sollten wir andere nicht kritisieren oder verurteilen (37a)? Was empfangen wir, wenn wir vergeben und geben (37b.38a)? Was bedeutet \u201edenn eben mit dem Ma\u00df, mit dem ihr messt, wird man euch zumessen\u201c (38b)?<\/li>\n<li>Was soll ich tun, bevor ich den Splitter aus dem Auge meines Bruders ziehe (39-42)? Welche Beziehung besteht zwischen dem Baum und seiner Frucht (43.44)? Wie kann man gute Menschen von b\u00f6sen Menschen unterscheiden (45)?<\/li>\n<li>Womit vergleicht Jesus diejenigen, die seine Rede h\u00f6ren und tun (46-48)? Wie sind diejenigen, die sein Wort h\u00f6ren und nicht danach handeln (49)? Denk dar\u00fcber nach, wie wichtig es ist, auf Jesu Worte zu h\u00f6ren und danach zu handeln.<\/li>\n<\/ol>\n","protected":false},"excerpt":{"rendered":"<p>Download Liebt eure Feinde \u201eVielmehr liebt eure Feinde und tut Gutes und leiht, ohne etwas daf\u00fcr zu erhoffen. So wird euer Lohn gro\u00df sein, und ihr werdet Kinder des H\u00f6chsten sein; denn er ist g\u00fctig gegen die Undankbaren und B\u00f6sen.\u201c (Lukasevangelium 6,35) Teil A)&nbsp; Verse 17\u201326 Wo spricht Jesus zu wem (17-19)? Von welchen Menschen [&hellip;]<\/p>\n","protected":false},"author":14,"featured_media":0,"comment_status":"open","ping_status":"closed","sticky":false,"template":"","format":"standard","meta":{"ngg_post_thumbnail":0,"footnotes":""},"categories":[3,13],"tags":[],"class_list":["post-10631","post","type-post","status-publish","format-standard","hentry","category-fragebogen","category-lukas"],"_links":{"self":[{"href":"https:\/\/ubfheidelberg.org\/Wordpress\/wp-json\/wp\/v2\/posts\/10631","targetHints":{"allow":["GET"]}}],"collection":[{"href":"https:\/\/ubfheidelberg.org\/Wordpress\/wp-json\/wp\/v2\/posts"}],"about":[{"href":"https:\/\/ubfheidelberg.org\/Wordpress\/wp-json\/wp\/v2\/types\/post"}],"author":[{"embeddable":true,"href":"https:\/\/ubfheidelberg.org\/Wordpress\/wp-json\/wp\/v2\/users\/14"}],"replies":[{"embeddable":true,"href":"https:\/\/ubfheidelberg.org\/Wordpress\/wp-json\/wp\/v2\/comments?post=10631"}],"version-history":[{"count":5,"href":"https:\/\/ubfheidelberg.org\/Wordpress\/wp-json\/wp\/v2\/posts\/10631\/revisions"}],"predecessor-version":[{"id":10648,"href":"https:\/\/ubfheidelberg.org\/Wordpress\/wp-json\/wp\/v2\/posts\/10631\/revisions\/10648"}],"wp:attachment":[{"href":"https:\/\/ubfheidelberg.org\/Wordpress\/wp-json\/wp\/v2\/media?parent=10631"}],"wp:term":[{"taxonomy":"category","embeddable":true,"href":"https:\/\/ubfheidelberg.org\/Wordpress\/wp-json\/wp\/v2\/categories?post=10631"},{"taxonomy":"post_tag","embeddable":true,"href":"https:\/\/ubfheidelberg.org\/Wordpress\/wp-json\/wp\/v2\/tags?post=10631"}],"curies":[{"name":"wp","href":"https:\/\/api.w.org\/{rel}","templated":true}]}}