{"id":10611,"date":"2022-05-29T12:00:48","date_gmt":"2022-05-29T10:00:48","guid":{"rendered":"https:\/\/ubfheidelberg.org\/?p=10611"},"modified":"2022-11-18T12:11:08","modified_gmt":"2022-11-18T11:11:08","slug":"fragebogen-johannes-165-15-sonderlektion-pfingsten-2022","status":"publish","type":"post","link":"https:\/\/ubfheidelberg.org\/Wordpress\/fragebogen-johannes-165-15-sonderlektion-pfingsten-2022\/","title":{"rendered":"Fragebogen: Johannes 16,5-15  &#8212; Sonderlektion Pfingsten 2022"},"content":{"rendered":"<p style=\"text-align: left;\"><a href=\"https:\/\/ubfheidelberg.org\/Wordpress\/wp-content\/uploads\/2022\/05\/Pfingsten2022_Johannes16.doc\"><strong>Download<\/strong><\/a><\/p>\n<h2 class=\"western\" align=\"center\">Der Beistand<\/h2>\n<h3 style=\"text-align: center;\">\u201eAlles, was der Vater hat, ist mein; darum habe ich gesagt: Er nimmt von dem, was mein ist, und wird es euch verk\u00fcnden.\u201c<\/h3>\n<p style=\"text-align: center;\">(Johannesevangelium 16,15)<\/p>\n<p>Der Text heute ist Johannes 16,5-15. Es ist Teil von Jesu langen Abschiedsreden an die J\u00fcnger (das Obergemachgespr\u00e4ch).<br \/>\nKannst du ganz kurz (in wenigen S\u00e4tzen) den Kontext vom heutigen Text erkl\u00e4ren?&nbsp; Wie w\u00fcrdest du den Text gliedern?&nbsp; Kannst du den Inhalt der Abschnitte kurz zusammenfassen?<\/p>\n<p>Eines der reichhaltigsten W\u00f6rter im Text heute ist \u201eder Beistand\u201c in Vers 7. Die Luther-Bibel \u00fcbersetzt hier mit \u201eder Tr\u00f6ster\u201c. Allein das zeigt, wie vielf\u00e4ltig dieses Wort ist (das griechische Wort ist Paracletos). Was sagt uns dieses Wort \u00fcber die Rolle des Heiligen Geistes?<\/p>\n<p>Drei weitere bedeutungsschwangere W\u00f6rter: der Heilige Geist \u00fcberf\u00fchrt die Welt der S\u00fcnde, der Gerechtigkeit und des Gerichts. Erkl\u00e4re (und\/oder diskutiere)!<br \/>\nIn den Versen 14 und 15 fasst Jesus das Werk des Heiligen Geistes zusammen. Was tut der Heilige Geist? (Hinweis: es kann an dieser Stelle auch hilfreich sein, dar\u00fcber nachzudenken, was der Heilige Geist nicht tut). Welche prim\u00e4ren Eigenschaften sollten Menschen haben, die mit dem Heiligen Geist erf\u00fcllt sind?<\/p>\n<p>Bonusfrage: Johannes 16,5 scheint im direkten Widerspruch mit Johannes 13,36 und 14,4.5 zu stehen. Das hat bereits einigen Ausleger Kopfschmerzen bereitet. Hast du eine m\u00f6gliche Erkl\u00e4rung?<\/p>\n","protected":false},"excerpt":{"rendered":"<p>Download Der Beistand \u201eAlles, was der Vater hat, ist mein; darum habe ich gesagt: Er nimmt von dem, was mein ist, und wird es euch verk\u00fcnden.\u201c (Johannesevangelium 16,15) Der Text heute ist Johannes 16,5-15. Es ist Teil von Jesu langen Abschiedsreden an die J\u00fcnger (das Obergemachgespr\u00e4ch). Kannst du ganz kurz (in wenigen S\u00e4tzen) den Kontext [&hellip;]<\/p>\n","protected":false},"author":14,"featured_media":0,"comment_status":"open","ping_status":"closed","sticky":false,"template":"","format":"standard","meta":{"ngg_post_thumbnail":0,"footnotes":""},"categories":[3,16,51,11],"tags":[],"class_list":["post-10611","post","type-post","status-publish","format-standard","hentry","category-fragebogen","category-johannes","category-pfingsten","category-sonderlektion"],"_links":{"self":[{"href":"https:\/\/ubfheidelberg.org\/Wordpress\/wp-json\/wp\/v2\/posts\/10611","targetHints":{"allow":["GET"]}}],"collection":[{"href":"https:\/\/ubfheidelberg.org\/Wordpress\/wp-json\/wp\/v2\/posts"}],"about":[{"href":"https:\/\/ubfheidelberg.org\/Wordpress\/wp-json\/wp\/v2\/types\/post"}],"author":[{"embeddable":true,"href":"https:\/\/ubfheidelberg.org\/Wordpress\/wp-json\/wp\/v2\/users\/14"}],"replies":[{"embeddable":true,"href":"https:\/\/ubfheidelberg.org\/Wordpress\/wp-json\/wp\/v2\/comments?post=10611"}],"version-history":[{"count":1,"href":"https:\/\/ubfheidelberg.org\/Wordpress\/wp-json\/wp\/v2\/posts\/10611\/revisions"}],"predecessor-version":[{"id":10613,"href":"https:\/\/ubfheidelberg.org\/Wordpress\/wp-json\/wp\/v2\/posts\/10611\/revisions\/10613"}],"wp:attachment":[{"href":"https:\/\/ubfheidelberg.org\/Wordpress\/wp-json\/wp\/v2\/media?parent=10611"}],"wp:term":[{"taxonomy":"category","embeddable":true,"href":"https:\/\/ubfheidelberg.org\/Wordpress\/wp-json\/wp\/v2\/categories?post=10611"},{"taxonomy":"post_tag","embeddable":true,"href":"https:\/\/ubfheidelberg.org\/Wordpress\/wp-json\/wp\/v2\/tags?post=10611"}],"curies":[{"name":"wp","href":"https:\/\/api.w.org\/{rel}","templated":true}]}}