{"id":10555,"date":"2022-04-17T12:00:30","date_gmt":"2022-04-17T10:00:30","guid":{"rendered":"https:\/\/ubfheidelberg.org\/?p=10555"},"modified":"2022-11-18T12:18:34","modified_gmt":"2022-11-18T11:18:34","slug":"fragebogen-apostelgeschichte-2018-38-sonderlektion","status":"publish","type":"post","link":"https:\/\/ubfheidelberg.org\/Wordpress\/fragebogen-apostelgeschichte-2018-38-sonderlektion\/","title":{"rendered":"Fragebogen: Apostelgeschichte 20,18-38  &#8212; Sonderlektion"},"content":{"rendered":"<p style=\"text-align: left;\"><a href=\"https:\/\/ubfheidelberg.org\/Wordpress\/wp-content\/uploads\/2022\/04\/SL_Apg20-1838.doc\"><strong>Download<\/strong><\/a><\/p>\n<h1 style=\"text-align: center;\">Paulus\u2018 Ermahnung an die \u00c4ltesten<\/h1>\n<h3 style=\"text-align: center;\">\u201eSo habt nun acht auf euch selbst und auf die ganze Herde, in der euch der Heilige Geist eingesetzt hat zu Bisch\u00f6fen, zu weiden die Gemeinde Gottes, die er durch sein eigenes Blut erworben hat.\u201c<\/h3>\n<p style=\"text-align: center;\">(Apostelgeschichte 20,28)<\/p>\n<ol>\n<li>&nbsp;Mit welcher Haltung hatte Paulus Gott und den Menschen in Ephesus gedient (18-20; Mt 5,5)? Was war dabei seine zentrale Botschaft, und was bedeutet sie (21)?<\/li>\n<li>Welche Haltung hatte Paulus gegen\u00fcber seinem Auftrag von Gott (22-24)? Warum erachtete er sich nun als rein vom Blut aller in der Gemeinde (25-27)? Was kannst du durch diesen Abschnitt lernen?<\/li>\n<li>Wozu ermahnte Paulus die \u00c4ltesten direkt (28-31)? Wer hatte sie als Bisch\u00f6fe eingesetzt, und was bedeutet das (28)? Welches Beispiel hatte Paulus selbst gegeben (19-31)? Was kannst du hier lernen?<\/li>\n<li>Was bedeutet es, dass Paulus sie schlie\u00dflich Gott und dem Wort seiner Gnade anbefahl (32)? Was lehrte Paulus \u00fcber das Arbeiten und das Geben (33-35)? Was hat Jesus dazu gesagt? Was zeigt die Abschiedsszene \u00fcber die geistliche Liebesbeziehung, die zwischen Paulus und ihnen durch seinen dem\u00fctigen Dienst entstanden war (36-38)?<\/li>\n<\/ol>\n","protected":false},"excerpt":{"rendered":"<p>Download Paulus\u2018 Ermahnung an die \u00c4ltesten \u201eSo habt nun acht auf euch selbst und auf die ganze Herde, in der euch der Heilige Geist eingesetzt hat zu Bisch\u00f6fen, zu weiden die Gemeinde Gottes, die er durch sein eigenes Blut erworben hat.\u201c (Apostelgeschichte 20,28) &nbsp;Mit welcher Haltung hatte Paulus Gott und den Menschen in Ephesus gedient [&hellip;]<\/p>\n","protected":false},"author":14,"featured_media":0,"comment_status":"open","ping_status":"closed","sticky":false,"template":"","format":"standard","meta":{"ngg_post_thumbnail":0,"footnotes":""},"categories":[14,3,11],"tags":[],"class_list":["post-10555","post","type-post","status-publish","format-standard","hentry","category-apostelgeschichte","category-fragebogen","category-sonderlektion"],"_links":{"self":[{"href":"https:\/\/ubfheidelberg.org\/Wordpress\/wp-json\/wp\/v2\/posts\/10555","targetHints":{"allow":["GET"]}}],"collection":[{"href":"https:\/\/ubfheidelberg.org\/Wordpress\/wp-json\/wp\/v2\/posts"}],"about":[{"href":"https:\/\/ubfheidelberg.org\/Wordpress\/wp-json\/wp\/v2\/types\/post"}],"author":[{"embeddable":true,"href":"https:\/\/ubfheidelberg.org\/Wordpress\/wp-json\/wp\/v2\/users\/14"}],"replies":[{"embeddable":true,"href":"https:\/\/ubfheidelberg.org\/Wordpress\/wp-json\/wp\/v2\/comments?post=10555"}],"version-history":[{"count":1,"href":"https:\/\/ubfheidelberg.org\/Wordpress\/wp-json\/wp\/v2\/posts\/10555\/revisions"}],"predecessor-version":[{"id":10557,"href":"https:\/\/ubfheidelberg.org\/Wordpress\/wp-json\/wp\/v2\/posts\/10555\/revisions\/10557"}],"wp:attachment":[{"href":"https:\/\/ubfheidelberg.org\/Wordpress\/wp-json\/wp\/v2\/media?parent=10555"}],"wp:term":[{"taxonomy":"category","embeddable":true,"href":"https:\/\/ubfheidelberg.org\/Wordpress\/wp-json\/wp\/v2\/categories?post=10555"},{"taxonomy":"post_tag","embeddable":true,"href":"https:\/\/ubfheidelberg.org\/Wordpress\/wp-json\/wp\/v2\/tags?post=10555"}],"curies":[{"name":"wp","href":"https:\/\/api.w.org\/{rel}","templated":true}]}}