{"id":10536,"date":"2022-03-27T12:00:01","date_gmt":"2022-03-27T10:00:01","guid":{"rendered":"https:\/\/ubfheidelberg.org\/?p=10536"},"modified":"2022-11-18T12:18:36","modified_gmt":"2022-11-18T11:18:36","slug":"fragebogen-epheser-519-20-gebet-2","status":"publish","type":"post","link":"https:\/\/ubfheidelberg.org\/Wordpress\/fragebogen-epheser-519-20-gebet-2\/","title":{"rendered":"Fragebogen: Matth\u00e4us 26,31-46  &#8211;   Ostern 2022"},"content":{"rendered":"<p style=\"text-align: left;\"><a href=\"https:\/\/ubfheidelberg.org\/Wordpress\/wp-content\/uploads\/2022\/03\/Ostern-1_Mt26-3146.doc\"><strong>Download<\/strong><\/a><\/p>\n<h1 style=\"text-align: center;\">Jesu Gebet in Gethsemane<\/h1>\n<h3 style=\"text-align: center;\">\u201eUnd er ging ein wenig weiter, fiel nieder auf sein Angesicht und betete und sprach: Mein Vater, ist\u2019s m\u00f6glich, so gehe dieser Kelch an mir vor\u00fcber; doch nicht wie ich will, sondern wie du willst!\u201c<\/h3>\n<p style=\"text-align: center;\">(Matth\u00e4usevangelium 26,39)<\/p>\n<ol>\n<li>Was sagte Jesus \u00fcber sich selbst und seine J\u00fcnger voraus (31.32)? Wie reagierte Petrus darauf (33)? Warum nahmen Petrus und die anderen J\u00fcnger Jesu Wort nicht an (34.35)?<\/li>\n<li>In welcher Verfassung befand sich Jesus, als er im Garten Gethsemane war? Worum bat er Petrus, Jakobus und Johannes (36-38)?<\/li>\n<li>Betrachte den Vers 39. In welchem Konflikt befand sich Jesus? Wof\u00fcr betete er? Mit welcher Haltung betete Jesus? Denke dar\u00fcber nach, warum Jesus so inst\u00e4ndig f\u00fcr den Gehorsam gegen\u00fcber Gottes Willen betete.<\/li>\n<li>Was taten die J\u00fcnger in dieser Zeit (40)? Warum forderte Jesus sie auf, zu wachen und zu beten (41.43)? Wie unterscheidet sich Jesu zweites Gebet im Vers 42 von dem ersten? Wie beschreibt der Verfasser Jesu geistlichen Kampf?<\/li>\n<li>Was zeigen Jesu Worte in den Versen 45 und 46 \u00fcber das Resultat seines Kampfs? Was kannst du durch den heutigen Text lernen?<\/li>\n<\/ol>\n","protected":false},"excerpt":{"rendered":"<p>Download Jesu Gebet in Gethsemane \u201eUnd er ging ein wenig weiter, fiel nieder auf sein Angesicht und betete und sprach: Mein Vater, ist\u2019s m\u00f6glich, so gehe dieser Kelch an mir vor\u00fcber; doch nicht wie ich will, sondern wie du willst!\u201c (Matth\u00e4usevangelium 26,39) Was sagte Jesus \u00fcber sich selbst und seine J\u00fcnger voraus (31.32)? Wie reagierte [&hellip;]<\/p>\n","protected":false},"author":14,"featured_media":0,"comment_status":"open","ping_status":"closed","sticky":false,"template":"","format":"standard","meta":{"ngg_post_thumbnail":0,"footnotes":""},"categories":[3,20,50,11],"tags":[],"class_list":["post-10536","post","type-post","status-publish","format-standard","hentry","category-fragebogen","category-matthaeus","category-ostern","category-sonderlektion"],"_links":{"self":[{"href":"https:\/\/ubfheidelberg.org\/Wordpress\/wp-json\/wp\/v2\/posts\/10536","targetHints":{"allow":["GET"]}}],"collection":[{"href":"https:\/\/ubfheidelberg.org\/Wordpress\/wp-json\/wp\/v2\/posts"}],"about":[{"href":"https:\/\/ubfheidelberg.org\/Wordpress\/wp-json\/wp\/v2\/types\/post"}],"author":[{"embeddable":true,"href":"https:\/\/ubfheidelberg.org\/Wordpress\/wp-json\/wp\/v2\/users\/14"}],"replies":[{"embeddable":true,"href":"https:\/\/ubfheidelberg.org\/Wordpress\/wp-json\/wp\/v2\/comments?post=10536"}],"version-history":[{"count":3,"href":"https:\/\/ubfheidelberg.org\/Wordpress\/wp-json\/wp\/v2\/posts\/10536\/revisions"}],"predecessor-version":[{"id":10540,"href":"https:\/\/ubfheidelberg.org\/Wordpress\/wp-json\/wp\/v2\/posts\/10536\/revisions\/10540"}],"wp:attachment":[{"href":"https:\/\/ubfheidelberg.org\/Wordpress\/wp-json\/wp\/v2\/media?parent=10536"}],"wp:term":[{"taxonomy":"category","embeddable":true,"href":"https:\/\/ubfheidelberg.org\/Wordpress\/wp-json\/wp\/v2\/categories?post=10536"},{"taxonomy":"post_tag","embeddable":true,"href":"https:\/\/ubfheidelberg.org\/Wordpress\/wp-json\/wp\/v2\/tags?post=10536"}],"curies":[{"name":"wp","href":"https:\/\/api.w.org\/{rel}","templated":true}]}}