{"id":10438,"date":"2021-12-26T12:00:04","date_gmt":"2021-12-26T11:00:04","guid":{"rendered":"https:\/\/ubfheidelberg.org\/?p=10438"},"modified":"2022-11-18T12:18:43","modified_gmt":"2022-11-18T11:18:43","slug":"fragebogen-lukas-66-19-neujahr-2022","status":"publish","type":"post","link":"https:\/\/ubfheidelberg.org\/Wordpress\/fragebogen-lukas-66-19-neujahr-2022\/","title":{"rendered":"Fragebogen: Lukas 6,6-19   &#8211;   Neujahr 2022"},"content":{"rendered":"<p><a href=\"https:\/\/ubfheidelberg.org\/Wordpress\/wp-content\/uploads\/2021\/12\/2022-Neujahr-Fragen-Deutsch.odt\"><strong>Download<\/strong><\/a><\/p>\n<h2 style=\"text-align: center;\">Jesus erw\u00e4hlt die Zw\u00f6lf<\/h2>\n<h3 style=\"text-align: center;\">\u201eEs geschah aber in jenen Tagen, dass er hinausging auf den Berg, um zu beten; und er verharrte die Nacht hindurch im Gebet zu Gott. Und als es Tag wurde, rief er seine J\u00fcnger zu sich und erw\u00e4hlte aus ihnen zw\u00f6lf, die er auch Apostel nannte:\u201c<\/h3>\n<p style=\"text-align: center;\">(Lukasevangelium 6,12.23 [<a href=\"https:\/\/www.schlachterbibel.de\/de\/bibel\/lukas\/6\/6-19?hl=1#hl\">SCH2000<\/a>])<\/p>\n<ol>\n<li>Wer war dabei, als Jesus am Sabbat in der Synagoge lehrte? (6) Warum beobachteten die Pharis\u00e4er und die Schriftgelehrten Jesus? (6.7)<\/li>\n<li>Wie hat Jesus sie herausgefordert? (8.9) Wie half Jesus dem Mann, dessen Hand verdorrt war? (10) Was war die Reaktion der religi\u00f6sen F\u00fchrer? (11)<\/li>\n<li>Warum ging Jesus auf den Berg? (12) Was tat Jesus, als der Morgen anbrach? (13) Was bedeutet \u201eApostel\u201c?<\/li>\n<li>Nenne die Namen der zw\u00f6lf Apostel. Denke \u00fcber die geistliche Anweisung Jesu nach, dem Geschlecht zu dienen.<\/li>\n<li>Wer war da, als Jesus mit den Zw\u00f6lfen hinabstieg und sich auf einen ebenen Platz stellte? (17-19) Was hat Jesus f\u00fcr sie getan?<\/li>\n<\/ol>\n","protected":false},"excerpt":{"rendered":"<p>Download Jesus erw\u00e4hlt die Zw\u00f6lf \u201eEs geschah aber in jenen Tagen, dass er hinausging auf den Berg, um zu beten; und er verharrte die Nacht hindurch im Gebet zu Gott. Und als es Tag wurde, rief er seine J\u00fcnger zu sich und erw\u00e4hlte aus ihnen zw\u00f6lf, die er auch Apostel nannte:\u201c (Lukasevangelium 6,12.23 [SCH2000]) Wer [&hellip;]<\/p>\n","protected":false},"author":14,"featured_media":0,"comment_status":"open","ping_status":"closed","sticky":false,"template":"","format":"standard","meta":{"ngg_post_thumbnail":0,"footnotes":""},"categories":[3,13,40,11],"tags":[],"class_list":["post-10438","post","type-post","status-publish","format-standard","hentry","category-fragebogen","category-lukas","category-neujahr","category-sonderlektion"],"_links":{"self":[{"href":"https:\/\/ubfheidelberg.org\/Wordpress\/wp-json\/wp\/v2\/posts\/10438","targetHints":{"allow":["GET"]}}],"collection":[{"href":"https:\/\/ubfheidelberg.org\/Wordpress\/wp-json\/wp\/v2\/posts"}],"about":[{"href":"https:\/\/ubfheidelberg.org\/Wordpress\/wp-json\/wp\/v2\/types\/post"}],"author":[{"embeddable":true,"href":"https:\/\/ubfheidelberg.org\/Wordpress\/wp-json\/wp\/v2\/users\/14"}],"replies":[{"embeddable":true,"href":"https:\/\/ubfheidelberg.org\/Wordpress\/wp-json\/wp\/v2\/comments?post=10438"}],"version-history":[{"count":3,"href":"https:\/\/ubfheidelberg.org\/Wordpress\/wp-json\/wp\/v2\/posts\/10438\/revisions"}],"predecessor-version":[{"id":10442,"href":"https:\/\/ubfheidelberg.org\/Wordpress\/wp-json\/wp\/v2\/posts\/10438\/revisions\/10442"}],"wp:attachment":[{"href":"https:\/\/ubfheidelberg.org\/Wordpress\/wp-json\/wp\/v2\/media?parent=10438"}],"wp:term":[{"taxonomy":"category","embeddable":true,"href":"https:\/\/ubfheidelberg.org\/Wordpress\/wp-json\/wp\/v2\/categories?post=10438"},{"taxonomy":"post_tag","embeddable":true,"href":"https:\/\/ubfheidelberg.org\/Wordpress\/wp-json\/wp\/v2\/tags?post=10438"}],"curies":[{"name":"wp","href":"https:\/\/api.w.org\/{rel}","templated":true}]}}