{"id":10344,"date":"2021-10-24T12:00:58","date_gmt":"2021-10-24T10:00:58","guid":{"rendered":"https:\/\/ubfheidelberg.org\/?p=10344"},"modified":"2022-11-18T12:18:48","modified_gmt":"2022-11-18T11:18:48","slug":"fragebogen-die-gemeinde-die-jesus-unter-uns-bauen-will-gesendet-zur-mission-4-apostelgeschichte-1923-41","status":"publish","type":"post","link":"https:\/\/ubfheidelberg.org\/Wordpress\/fragebogen-die-gemeinde-die-jesus-unter-uns-bauen-will-gesendet-zur-mission-4-apostelgeschichte-1923-41\/","title":{"rendered":"Fragebogen: Die Gemeinde, die Jesus unter uns bauen will &#8211; Gesendet zur Mission 4  &#8211;  Apostelgeschichte 19,23-41"},"content":{"rendered":"<p><a href=\"https:\/\/ubfheidelberg.org\/Wordpress\/wp-content\/uploads\/2021\/10\/Gesendet-zur-Mission_Lektion4.doc\"><strong>Download<\/strong><\/a><\/p>\n<h2 style=\"text-align: center;\">Spirituell relevante Mission 2<\/h2>\n<p>Wir setzen das Bibelstudium von vergangener Woche fort. Der Text heute ist Apostelgeschichte 19,23-41.<\/p>\n<p>Ein Resultat von Paulus\u2018 Mission in der Stadt war der Aufruhr des Demetrius. Was sagt sein \u00c4rger dar\u00fcber aus, was sich in der Stadt in den vergangenen Jahren ver\u00e4ndert haben musste? Fallen dir Beispiele ein, wie es durch christliche Bewegungen zu Umw\u00e4lzungen gekommen ist, die eine gesamte Gesellschaft betreffen?<\/p>\n<p>Nachdem die J\u00fcnger Paulus daran gehindert haben, sich von der w\u00fctenden Menschenmenge lynchen zu lassen, nimmt der \u00c4rger seinen freien Lauf (der Text spricht von einem gro\u00dfen Durcheinander). Der Aufruhr endet mit der Rede des Kanzlers. Eine kurze exegetische Frage: Was hat es mit der Gefahr in Vers 40 auf sich, von welcher der Kanzler spricht?<\/p>\n<p>Der Kanzler verteidigt Paulus und die Christen der Stadt (Vers 37). Inwiefern ist das besonders? Welche Hinweise finden wir hier, wie Christen m\u00f6glicherweise mit den schwierigen Themen ihrer Zeit umgegangen sind?<\/p>\n<p>Was sind die kontroversen Themen unserer Zeit, mit denen wir als Christen zu tun haben? Was k\u00f6nnen wir hier von Paulus lernen, wie wir durch unsere Minenfelder navigieren sollten, um effizienter anderen Menschen von Jesus erz\u00e4hlen zu k\u00f6nnen?<\/p>\n","protected":false},"excerpt":{"rendered":"<p>Download Spirituell relevante Mission 2 Wir setzen das Bibelstudium von vergangener Woche fort. Der Text heute ist Apostelgeschichte 19,23-41. Ein Resultat von Paulus\u2018 Mission in der Stadt war der Aufruhr des Demetrius. Was sagt sein \u00c4rger dar\u00fcber aus, was sich in der Stadt in den vergangenen Jahren ver\u00e4ndert haben musste? Fallen dir Beispiele ein, wie [&hellip;]<\/p>\n","protected":false},"author":14,"featured_media":0,"comment_status":"open","ping_status":"closed","sticky":false,"template":"","format":"standard","meta":{"ngg_post_thumbnail":0,"footnotes":""},"categories":[14,3,41],"tags":[],"class_list":["post-10344","post","type-post","status-publish","format-standard","hentry","category-apostelgeschichte","category-fragebogen","category-gemeinde"],"_links":{"self":[{"href":"https:\/\/ubfheidelberg.org\/Wordpress\/wp-json\/wp\/v2\/posts\/10344","targetHints":{"allow":["GET"]}}],"collection":[{"href":"https:\/\/ubfheidelberg.org\/Wordpress\/wp-json\/wp\/v2\/posts"}],"about":[{"href":"https:\/\/ubfheidelberg.org\/Wordpress\/wp-json\/wp\/v2\/types\/post"}],"author":[{"embeddable":true,"href":"https:\/\/ubfheidelberg.org\/Wordpress\/wp-json\/wp\/v2\/users\/14"}],"replies":[{"embeddable":true,"href":"https:\/\/ubfheidelberg.org\/Wordpress\/wp-json\/wp\/v2\/comments?post=10344"}],"version-history":[{"count":1,"href":"https:\/\/ubfheidelberg.org\/Wordpress\/wp-json\/wp\/v2\/posts\/10344\/revisions"}],"predecessor-version":[{"id":10346,"href":"https:\/\/ubfheidelberg.org\/Wordpress\/wp-json\/wp\/v2\/posts\/10344\/revisions\/10346"}],"wp:attachment":[{"href":"https:\/\/ubfheidelberg.org\/Wordpress\/wp-json\/wp\/v2\/media?parent=10344"}],"wp:term":[{"taxonomy":"category","embeddable":true,"href":"https:\/\/ubfheidelberg.org\/Wordpress\/wp-json\/wp\/v2\/categories?post=10344"},{"taxonomy":"post_tag","embeddable":true,"href":"https:\/\/ubfheidelberg.org\/Wordpress\/wp-json\/wp\/v2\/tags?post=10344"}],"curies":[{"name":"wp","href":"https:\/\/api.w.org\/{rel}","templated":true}]}}