{"id":10261,"date":"2021-08-22T12:00:44","date_gmt":"2021-08-22T10:00:44","guid":{"rendered":"https:\/\/ubfheidelberg.org\/?p=10261"},"modified":"2022-11-18T12:18:53","modified_gmt":"2022-11-18T11:18:53","slug":"fragebogen-die-gemeinde-die-jesus-unter-uns-bauen-will-berufen-zur-gemeinschaft-3-matthaeus-99-13-lukas-81-3","status":"publish","type":"post","link":"https:\/\/ubfheidelberg.org\/Wordpress\/fragebogen-die-gemeinde-die-jesus-unter-uns-bauen-will-berufen-zur-gemeinschaft-3-matthaeus-99-13-lukas-81-3\/","title":{"rendered":"Fragebogen: Die Gemeinde, die Jesus unter uns bauen will &#8211; Berufen zur Gemeinschaft 3 &#8211; Matth\u00e4us 9,9-13 &#038; Lukas 8,1-3"},"content":{"rendered":"<p><a href=\"https:\/\/ubfheidelberg.org\/Wordpress\/wp-content\/uploads\/2021\/08\/Berufen-zur-Gemeinschaft_Lektion3.doc\"><strong>Download<\/strong><\/a><\/p>\n<h2 style=\"text-align: center;\">Jeder ist willkommen<\/h2>\n<p>Heute lesen wir Matth\u00e4us 9,9-13 und Lukas 8,1-3.<\/p>\n<p>Denke kurz dar\u00fcber nach, welche Stellung Z\u00f6llner, S\u00fcnder und Frauen in der damaligen Gesellschaft hatten.<br \/>\nSoziologen sprechen davon, dass praktisch alle Menschen einen kategorischen Unterschied zwischen \u201ewir\u201c und \u201edie anderen\u201c machen. Wie mag das auf die Menschen damals zugetroffen haben und was bedeutete das f\u00fcr sie und die anderen?<br \/>\nInwiefern trifft das auf uns zu? Wenn du \u00fcber dein Leben nachdenkst, fallen dir Beispiele ein, wie du in den Kategorien \u201ewir\u201c und \u201edie anderen\u201c gedacht hast?<\/p>\n<p>Im Reich Gottes sind pl\u00f6tzlich alle Menschen willkommen. Wie m\u00f6gen sich die Z\u00f6llner, S\u00fcnder und Frauen in Jesu Gegenwart gef\u00fchlt haben?<br \/>\nWie behandelte Jesus diese Menschen?<\/p>\n<p>Was k\u00f6nnte unternommen werden, damit unsere Gemeinde zu einem Ort wird, an welchem sich jeder willkommen f\u00fchlt? Was kannst du tun, um andere Menschen willkommen zu hei\u00dfen?<\/p>\n","protected":false},"excerpt":{"rendered":"<p>Download Jeder ist willkommen Heute lesen wir Matth\u00e4us 9,9-13 und Lukas 8,1-3. Denke kurz dar\u00fcber nach, welche Stellung Z\u00f6llner, S\u00fcnder und Frauen in der damaligen Gesellschaft hatten. Soziologen sprechen davon, dass praktisch alle Menschen einen kategorischen Unterschied zwischen \u201ewir\u201c und \u201edie anderen\u201c machen. Wie mag das auf die Menschen damals zugetroffen haben und was bedeutete [&hellip;]<\/p>\n","protected":false},"author":14,"featured_media":0,"comment_status":"open","ping_status":"closed","sticky":false,"template":"","format":"standard","meta":{"ngg_post_thumbnail":0,"footnotes":""},"categories":[3,41,13,20],"tags":[],"class_list":["post-10261","post","type-post","status-publish","format-standard","hentry","category-fragebogen","category-gemeinde","category-lukas","category-matthaeus"],"_links":{"self":[{"href":"https:\/\/ubfheidelberg.org\/Wordpress\/wp-json\/wp\/v2\/posts\/10261","targetHints":{"allow":["GET"]}}],"collection":[{"href":"https:\/\/ubfheidelberg.org\/Wordpress\/wp-json\/wp\/v2\/posts"}],"about":[{"href":"https:\/\/ubfheidelberg.org\/Wordpress\/wp-json\/wp\/v2\/types\/post"}],"author":[{"embeddable":true,"href":"https:\/\/ubfheidelberg.org\/Wordpress\/wp-json\/wp\/v2\/users\/14"}],"replies":[{"embeddable":true,"href":"https:\/\/ubfheidelberg.org\/Wordpress\/wp-json\/wp\/v2\/comments?post=10261"}],"version-history":[{"count":4,"href":"https:\/\/ubfheidelberg.org\/Wordpress\/wp-json\/wp\/v2\/posts\/10261\/revisions"}],"predecessor-version":[{"id":10267,"href":"https:\/\/ubfheidelberg.org\/Wordpress\/wp-json\/wp\/v2\/posts\/10261\/revisions\/10267"}],"wp:attachment":[{"href":"https:\/\/ubfheidelberg.org\/Wordpress\/wp-json\/wp\/v2\/media?parent=10261"}],"wp:term":[{"taxonomy":"category","embeddable":true,"href":"https:\/\/ubfheidelberg.org\/Wordpress\/wp-json\/wp\/v2\/categories?post=10261"},{"taxonomy":"post_tag","embeddable":true,"href":"https:\/\/ubfheidelberg.org\/Wordpress\/wp-json\/wp\/v2\/tags?post=10261"}],"curies":[{"name":"wp","href":"https:\/\/api.w.org\/{rel}","templated":true}]}}