{"id":10249,"date":"2021-08-08T12:00:48","date_gmt":"2021-08-08T10:00:48","guid":{"rendered":"https:\/\/ubfheidelberg.org\/?p=10249"},"modified":"2022-11-18T12:18:54","modified_gmt":"2022-11-18T11:18:54","slug":"fragebogen-die-gemeinde-die-jesus-unter-uns-bauen-will-berufen-zur-gemeinschaft-1-epheser-211-22","status":"publish","type":"post","link":"https:\/\/ubfheidelberg.org\/Wordpress\/fragebogen-die-gemeinde-die-jesus-unter-uns-bauen-will-berufen-zur-gemeinschaft-1-epheser-211-22\/","title":{"rendered":"Fragebogen: Die Gemeinde, die Jesus unter uns bauen will &#8211; Berufen zur Gemeinschaft 1 &#8211; Epheser 2,11-22"},"content":{"rendered":"<p><a href=\"https:\/\/ubfheidelberg.org\/Wordpress\/wp-content\/uploads\/2021\/08\/Berufen-zur-Gemeinschaft_Lektion1.doc\"><strong>Download<\/strong><\/a><\/p>\n<h2 style=\"text-align: center;\">Die Gemeinde<\/h2>\n<p>Heute lesen wir Epheser 2,11-22.<\/p>\n<p>In Vers 16 schreibt Paulus: \u201eund vers\u00f6hnte die beiden durch das Kreuz mit Gott in einem einzigen Leib.\u201c Der Leib hier bezieht sich auf die Gemeinde: das Thema der Woche. Welche Trennung gab es vorher? Was bedeutet diese Trennung konkret: f\u00fcr uns pers\u00f6nlich und f\u00fcr die Gemeinde?<\/p>\n<p>Wie wurde die Trennung aufgehoben? Und was bedeutet es, dass wir jetzt Frieden haben? Was hat der Friede gekostet?<\/p>\n<p>In den Versen 18 bis 22 erl\u00e4utert Paulus unseren Zugang zu Gott. Welche Steigerung kannst du in diesen Versen finden? Kannst du das einmal auf die Gemeinde anwenden und auf unser pers\u00f6nliches Leben?<\/p>\n","protected":false},"excerpt":{"rendered":"<p>Download Die Gemeinde Heute lesen wir Epheser 2,11-22. In Vers 16 schreibt Paulus: \u201eund vers\u00f6hnte die beiden durch das Kreuz mit Gott in einem einzigen Leib.\u201c Der Leib hier bezieht sich auf die Gemeinde: das Thema der Woche. Welche Trennung gab es vorher? Was bedeutet diese Trennung konkret: f\u00fcr uns pers\u00f6nlich und f\u00fcr die Gemeinde? [&hellip;]<\/p>\n","protected":false},"author":14,"featured_media":0,"comment_status":"open","ping_status":"closed","sticky":false,"template":"","format":"standard","meta":{"ngg_post_thumbnail":0,"footnotes":""},"categories":[30,3,41],"tags":[],"class_list":["post-10249","post","type-post","status-publish","format-standard","hentry","category-epheser","category-fragebogen","category-gemeinde"],"_links":{"self":[{"href":"https:\/\/ubfheidelberg.org\/Wordpress\/wp-json\/wp\/v2\/posts\/10249","targetHints":{"allow":["GET"]}}],"collection":[{"href":"https:\/\/ubfheidelberg.org\/Wordpress\/wp-json\/wp\/v2\/posts"}],"about":[{"href":"https:\/\/ubfheidelberg.org\/Wordpress\/wp-json\/wp\/v2\/types\/post"}],"author":[{"embeddable":true,"href":"https:\/\/ubfheidelberg.org\/Wordpress\/wp-json\/wp\/v2\/users\/14"}],"replies":[{"embeddable":true,"href":"https:\/\/ubfheidelberg.org\/Wordpress\/wp-json\/wp\/v2\/comments?post=10249"}],"version-history":[{"count":3,"href":"https:\/\/ubfheidelberg.org\/Wordpress\/wp-json\/wp\/v2\/posts\/10249\/revisions"}],"predecessor-version":[{"id":10281,"href":"https:\/\/ubfheidelberg.org\/Wordpress\/wp-json\/wp\/v2\/posts\/10249\/revisions\/10281"}],"wp:attachment":[{"href":"https:\/\/ubfheidelberg.org\/Wordpress\/wp-json\/wp\/v2\/media?parent=10249"}],"wp:term":[{"taxonomy":"category","embeddable":true,"href":"https:\/\/ubfheidelberg.org\/Wordpress\/wp-json\/wp\/v2\/categories?post=10249"},{"taxonomy":"post_tag","embeddable":true,"href":"https:\/\/ubfheidelberg.org\/Wordpress\/wp-json\/wp\/v2\/tags?post=10249"}],"curies":[{"name":"wp","href":"https:\/\/api.w.org\/{rel}","templated":true}]}}