{"id":10214,"date":"2021-07-25T12:00:33","date_gmt":"2021-07-25T10:00:33","guid":{"rendered":"https:\/\/ubfheidelberg.org\/?p=10214"},"modified":"2022-11-18T12:18:55","modified_gmt":"2022-11-18T11:18:55","slug":"fragebogen-die-gemeinde-die-jesus-unter-uns-bauen-will-verwurzelt-im-evangelium-6-galater-211-21","status":"publish","type":"post","link":"https:\/\/ubfheidelberg.org\/Wordpress\/fragebogen-die-gemeinde-die-jesus-unter-uns-bauen-will-verwurzelt-im-evangelium-6-galater-211-21\/","title":{"rendered":"Fragebogen: Die Gemeinde, die Jesus unter uns bauen will &#8211; Verwurzelt im Evangelium 6 &#8211; Galater 2,11-21"},"content":{"rendered":"<p><a href=\"https:\/\/ubfheidelberg.org\/Wordpress\/wp-content\/uploads\/2021\/07\/Verwurzelt-im-Evangelium_Lektion6.doc\"><strong>Download<\/strong><\/a><\/p>\n<h2 style=\"text-align: center;\">Eine neue Motivation<\/h2>\n<p class=\"western\">Heute lesen wir Galater 2,11-21. Allerdings wird dies ein sehr thematisches Bibelstudium werden. In diesem Text stellt Paulus Petrus zur Rede, weil er durch sein Verhalten nichtj\u00fcdische Christen diskriminiert hatte. Worauf wies Paulus Petrus hin (Verse 14-16)?<\/p>\n<p class=\"western\">In dem Gleichnis von den verlorenen S\u00f6hnen (Lukas 15), ist der \u00e4ltere Sohn eine Illustration f\u00fcr die religi\u00f6sen Menschen. Religion und Evangelium sehen sehr \u00e4hnlich aus, und doch gibt es wesentliche, grundlegende Unterschiede.<\/p>\n<p class=\"western\">F\u00fclle diese Tabelle aus so gut du kannst:<\/p>\n<style type=\"text\/css\">\n.tg  {border-collapse:collapse;border-spacing:0;}<br \/>\n.tg td{font-family:Arial, sans-serif;font-size:14px;padding:10px 5px;border-style:solid;border-width:1px;overflow:hidden;word-break:normal;}<br \/>\n.tg th{font-family:Arial, sans-serif;font-size:14px;font-weight:normal;padding:10px 5px;border-style:solid;border-width:1px;overflow:hidden;word-break:normal;}<br \/>\n<\/style>\n<table class=\"tg\">\n<tbody>\n<tr>\n<th class=\"tg-031e\">&nbsp;<\/th>\n<th class=\"tg-031e\"><b>Religion<\/b><\/th>\n<th class=\"tg-031e\"><b>Evangelium<\/b><\/th>\n<\/tr>\n<tr>\n<td class=\"tg-031e\">Gehorsam<\/td>\n<td class=\"tg-031e\">Ich gehorche; deshalb bin ich gerettet.<\/td>\n<td class=\"tg-031e\">Ich bin gerettet; deshalb gehorche ich.<\/td>\n<\/tr>\n<tr>\n<td class=\"tg-031e\">Motivation, Gutes zu tun<\/td>\n<td class=\"tg-031e\">&nbsp;<\/td>\n<td class=\"tg-031e\">&nbsp;<\/td>\n<\/tr>\n<tr>\n<td class=\"tg-031e\">Schwierigkeiten und Leiden<\/td>\n<td class=\"tg-031e\">&nbsp;<\/td>\n<td class=\"tg-031e\">&nbsp;<\/td>\n<\/tr>\n<tr>\n<td class=\"tg-031e\">Gebet<\/td>\n<td class=\"tg-031e\">&nbsp;<\/td>\n<td class=\"tg-031e\">&nbsp;<\/td>\n<\/tr>\n<tr>\n<td class=\"tg-031e\">Selbstwert<\/td>\n<td class=\"tg-031e\">&nbsp;<\/td>\n<td class=\"tg-031e\">&nbsp;<\/td>\n<\/tr>\n<tr>\n<td class=\"tg-031e\">Humor<\/td>\n<td class=\"tg-031e\">&nbsp;<\/td>\n<td class=\"tg-031e\">&nbsp;<\/td>\n<\/tr>\n<\/tbody>\n<\/table>\n<p class=\"western\">Apostel Petrus war ein Mann des Evangeliums und trotzdem kehrte er offensichtlich zu den Werken des Gesetzes zur\u00fcck. Was sind deine Erfahrungen diesbez\u00fcglich? Welche Denk- und Verhaltensweisen kannst du in deinem Herzen finden, die auf Selbstrechtfertigung zur\u00fcckzuf\u00fchren sind?<\/p>\n","protected":false},"excerpt":{"rendered":"<p>Download Eine neue Motivation Heute lesen wir Galater 2,11-21. Allerdings wird dies ein sehr thematisches Bibelstudium werden. In diesem Text stellt Paulus Petrus zur Rede, weil er durch sein Verhalten nichtj\u00fcdische Christen diskriminiert hatte. Worauf wies Paulus Petrus hin (Verse 14-16)? In dem Gleichnis von den verlorenen S\u00f6hnen (Lukas 15), ist der \u00e4ltere Sohn eine [&hellip;]<\/p>\n","protected":false},"author":14,"featured_media":0,"comment_status":"open","ping_status":"closed","sticky":false,"template":"","format":"standard","meta":{"ngg_post_thumbnail":0,"footnotes":""},"categories":[3,24,41,11],"tags":[],"class_list":["post-10214","post","type-post","status-publish","format-standard","hentry","category-fragebogen","category-galater","category-gemeinde","category-sonderlektion"],"_links":{"self":[{"href":"https:\/\/ubfheidelberg.org\/Wordpress\/wp-json\/wp\/v2\/posts\/10214","targetHints":{"allow":["GET"]}}],"collection":[{"href":"https:\/\/ubfheidelberg.org\/Wordpress\/wp-json\/wp\/v2\/posts"}],"about":[{"href":"https:\/\/ubfheidelberg.org\/Wordpress\/wp-json\/wp\/v2\/types\/post"}],"author":[{"embeddable":true,"href":"https:\/\/ubfheidelberg.org\/Wordpress\/wp-json\/wp\/v2\/users\/14"}],"replies":[{"embeddable":true,"href":"https:\/\/ubfheidelberg.org\/Wordpress\/wp-json\/wp\/v2\/comments?post=10214"}],"version-history":[{"count":10,"href":"https:\/\/ubfheidelberg.org\/Wordpress\/wp-json\/wp\/v2\/posts\/10214\/revisions"}],"predecessor-version":[{"id":10226,"href":"https:\/\/ubfheidelberg.org\/Wordpress\/wp-json\/wp\/v2\/posts\/10214\/revisions\/10226"}],"wp:attachment":[{"href":"https:\/\/ubfheidelberg.org\/Wordpress\/wp-json\/wp\/v2\/media?parent=10214"}],"wp:term":[{"taxonomy":"category","embeddable":true,"href":"https:\/\/ubfheidelberg.org\/Wordpress\/wp-json\/wp\/v2\/categories?post=10214"},{"taxonomy":"post_tag","embeddable":true,"href":"https:\/\/ubfheidelberg.org\/Wordpress\/wp-json\/wp\/v2\/tags?post=10214"}],"curies":[{"name":"wp","href":"https:\/\/api.w.org\/{rel}","templated":true}]}}