{"id":10210,"date":"2021-07-18T12:00:36","date_gmt":"2021-07-18T10:00:36","guid":{"rendered":"https:\/\/ubfheidelberg.org\/?p=10210"},"modified":"2022-11-18T12:18:56","modified_gmt":"2022-11-18T11:18:56","slug":"fragebogen-die-gemeinde-die-jesus-unter-uns-bauen-will-verwurzelt-im-evangelium-5-roemer-812-17","status":"publish","type":"post","link":"https:\/\/ubfheidelberg.org\/Wordpress\/fragebogen-die-gemeinde-die-jesus-unter-uns-bauen-will-verwurzelt-im-evangelium-5-roemer-812-17\/","title":{"rendered":"Fragebogen: Die Gemeinde, die Jesus unter uns bauen will &#8211; Verwurzelt im Evangelium 5 &#8211; R\u00f6mer 8,12-17"},"content":{"rendered":"<p><a href=\"https:\/\/ubfheidelberg.org\/Wordpress\/wp-content\/uploads\/2021\/07\/Verwurzelt-im-Evangelium_Lektion5.doc\"><strong>Download<\/strong><\/a><\/p>\n<h2 style=\"text-align: center;\">Eine neue Identit\u00e4t<\/h2>\n<p>Heute lesen wir R\u00f6mer 8,12-17.<\/p>\n<p>Tim Keller diskutierte dieses <a href=\"https:\/\/www.youtube.com\/watch?v=BjwDV1Is34U\">Lied<\/a> von Elsa aus dem Film \u201eFrozen\u201c:<\/p>\n<p style=\"padding-left: 40px;\"><em>Der Wind heult wie dieser wirbelnde Sturm im Inneren<\/em><br \/>\n<em>Nicht zu kontrollieren, ich hab es versucht.<\/em><br \/>\n<em>\u201eLass sie nicht rein, lass sie nicht sehen<\/em><br \/>\n<em>Sei das gute M\u00e4dchen, das du immer sein musst<\/em><br \/>\n<em>Verstecke dich, f\u00fchle nicht, lass es sie nicht wissen.\u201c<\/em><br \/>\n<em>Nun, jetzt wissen sie es<\/em><\/p>\n<p style=\"padding-left: 40px;\"><em>Lass es raus, lass es raus<\/em><br \/>\n<em>Kannst es nicht mehr zur\u00fcckhalten<\/em><br \/>\n<em>Lass es raus, lass es raus<\/em><br \/>\n<em>Dreh dich weg und schlag die T\u00fcr zu<\/em><br \/>\n<em>Es ist mir egal, was sie sagen werden<\/em><br \/>\n<em>Lass den Sturm weiter w\u00fcten<\/em><br \/>\n<em>Die K\u00e4lte hat mich sowieso nie gest\u00f6rt<\/em><\/p>\n<p>Wie reflektiert dieses Lied, wie Menschen heute ihre Identit\u00e4t definieren und sich selbst zu verwirklichen suchen? Kennst du weitere Beispiele? (Falls nicht, warum nicht?)<br \/>\nWie unterscheidet sich das von dem, was in weiten Teilen von Asien noch die Norm ist?<br \/>\nWas hat sich seither in der westlichen Welt diesbez\u00fcglich ver\u00e4ndert im Vergleich zu z.B. vor 250 Jahren?<\/p>\n<p>Wie unterscheidet sich das von der christlichen Identit\u00e4t, die Paulus in den Versen 14 und 15 beschreibt? Die christliche Identit\u00e4t kommt nat\u00fcrlich von Gott. Was bedeutet das und was musste Gott tun, um uns diese Identit\u00e4t schenken zu k\u00f6nnen?<\/p>\n<p>&nbsp;<\/p>\n","protected":false},"excerpt":{"rendered":"<p>Download Eine neue Identit\u00e4t Heute lesen wir R\u00f6mer 8,12-17. Tim Keller diskutierte dieses Lied von Elsa aus dem Film \u201eFrozen\u201c: Der Wind heult wie dieser wirbelnde Sturm im Inneren Nicht zu kontrollieren, ich hab es versucht. \u201eLass sie nicht rein, lass sie nicht sehen Sei das gute M\u00e4dchen, das du immer sein musst Verstecke dich, [&hellip;]<\/p>\n","protected":false},"author":14,"featured_media":0,"comment_status":"open","ping_status":"closed","sticky":false,"template":"","format":"standard","meta":{"ngg_post_thumbnail":0,"footnotes":""},"categories":[3,41,31],"tags":[],"class_list":["post-10210","post","type-post","status-publish","format-standard","hentry","category-fragebogen","category-gemeinde","category-roemerbrief"],"_links":{"self":[{"href":"https:\/\/ubfheidelberg.org\/Wordpress\/wp-json\/wp\/v2\/posts\/10210","targetHints":{"allow":["GET"]}}],"collection":[{"href":"https:\/\/ubfheidelberg.org\/Wordpress\/wp-json\/wp\/v2\/posts"}],"about":[{"href":"https:\/\/ubfheidelberg.org\/Wordpress\/wp-json\/wp\/v2\/types\/post"}],"author":[{"embeddable":true,"href":"https:\/\/ubfheidelberg.org\/Wordpress\/wp-json\/wp\/v2\/users\/14"}],"replies":[{"embeddable":true,"href":"https:\/\/ubfheidelberg.org\/Wordpress\/wp-json\/wp\/v2\/comments?post=10210"}],"version-history":[{"count":1,"href":"https:\/\/ubfheidelberg.org\/Wordpress\/wp-json\/wp\/v2\/posts\/10210\/revisions"}],"predecessor-version":[{"id":10213,"href":"https:\/\/ubfheidelberg.org\/Wordpress\/wp-json\/wp\/v2\/posts\/10210\/revisions\/10213"}],"wp:attachment":[{"href":"https:\/\/ubfheidelberg.org\/Wordpress\/wp-json\/wp\/v2\/media?parent=10210"}],"wp:term":[{"taxonomy":"category","embeddable":true,"href":"https:\/\/ubfheidelberg.org\/Wordpress\/wp-json\/wp\/v2\/categories?post=10210"},{"taxonomy":"post_tag","embeddable":true,"href":"https:\/\/ubfheidelberg.org\/Wordpress\/wp-json\/wp\/v2\/tags?post=10210"}],"curies":[{"name":"wp","href":"https:\/\/api.w.org\/{rel}","templated":true}]}}