{"id":10195,"date":"2021-06-27T12:00:27","date_gmt":"2021-06-27T10:00:27","guid":{"rendered":"https:\/\/ubfheidelberg.org\/?p=10195"},"modified":"2022-11-18T12:18:58","modified_gmt":"2022-11-18T11:18:58","slug":"fragebogen-die-gemeinde-die-jesus-unter-uns-bauen-will-die-fakten-des-evangeliums-1-korinther-151-5-11","status":"publish","type":"post","link":"https:\/\/ubfheidelberg.org\/Wordpress\/fragebogen-die-gemeinde-die-jesus-unter-uns-bauen-will-die-fakten-des-evangeliums-1-korinther-151-5-11\/","title":{"rendered":"Fragebogen: Die Gemeinde, die Jesus unter uns bauen will &#8211; Verwurzelt im Evangelium 2 &#8211; 1. Korinther 15,1-5.11"},"content":{"rendered":"<p><a href=\"https:\/\/ubfheidelberg.org\/Wordpress\/wp-content\/uploads\/2021\/06\/Verwurzelt-im-Evangelium_Lektion2.doc\"><strong>Download<\/strong><\/a><\/p>\n<h2 style=\"text-align: center;\">Die Fakten des Evangeliums<\/h2>\n<p class=\"western\">Wir lesen 1. Korinther 15,1-5 und 11.<\/p>\n<p class=\"western\">Dies ist ein thematisches Bibelstudium. Wie beim letzten Mal wollen wir erst einmal au\u00dfen vorlassen, was die Umst\u00e4nde des Briefes sind.<\/p>\n<p class=\"western\">Die Fakten des Evangeliums sind:<br \/>\nChristus ist f\u00fcr unsere S\u00fcnden gestorben und ist begraben worden;<br \/>\nam dritten Tag wurde er auferweckt und erschien den J\u00fcngern.<br \/>\nWie h\u00e4ngen diese Fakten zusammen? Was sind die Implikationen dessen?<\/p>\n<p class=\"western\">Das Evangelium ist der Grund, auf dem wir stehen und wir werden durch das Evangelium gerettet. Was genau bedeutet das?<\/p>\n<p class=\"western\">Viele Menschen sehen die Geschichte von Jesus als einen Mythos an; eine von Legenden geschm\u00fcckte Erz\u00e4hlung. Ganz offensichtlich tut das Paulus \u00fcberhaupt nicht. Welchen Unterschied macht es, wenn man das Evangelium als historische Tatsache ansieht?<\/p>\n<p>&nbsp;<\/p>\n","protected":false},"excerpt":{"rendered":"<p>Download Die Fakten des Evangeliums Wir lesen 1. Korinther 15,1-5 und 11. Dies ist ein thematisches Bibelstudium. Wie beim letzten Mal wollen wir erst einmal au\u00dfen vorlassen, was die Umst\u00e4nde des Briefes sind. Die Fakten des Evangeliums sind: Christus ist f\u00fcr unsere S\u00fcnden gestorben und ist begraben worden; am dritten Tag wurde er auferweckt und [&hellip;]<\/p>\n","protected":false},"author":14,"featured_media":0,"comment_status":"open","ping_status":"closed","sticky":false,"template":"","format":"standard","meta":{"ngg_post_thumbnail":0,"footnotes":""},"categories":[19,3,41],"tags":[],"class_list":["post-10195","post","type-post","status-publish","format-standard","hentry","category-1-korinther","category-fragebogen","category-gemeinde"],"_links":{"self":[{"href":"https:\/\/ubfheidelberg.org\/Wordpress\/wp-json\/wp\/v2\/posts\/10195","targetHints":{"allow":["GET"]}}],"collection":[{"href":"https:\/\/ubfheidelberg.org\/Wordpress\/wp-json\/wp\/v2\/posts"}],"about":[{"href":"https:\/\/ubfheidelberg.org\/Wordpress\/wp-json\/wp\/v2\/types\/post"}],"author":[{"embeddable":true,"href":"https:\/\/ubfheidelberg.org\/Wordpress\/wp-json\/wp\/v2\/users\/14"}],"replies":[{"embeddable":true,"href":"https:\/\/ubfheidelberg.org\/Wordpress\/wp-json\/wp\/v2\/comments?post=10195"}],"version-history":[{"count":2,"href":"https:\/\/ubfheidelberg.org\/Wordpress\/wp-json\/wp\/v2\/posts\/10195\/revisions"}],"predecessor-version":[{"id":10198,"href":"https:\/\/ubfheidelberg.org\/Wordpress\/wp-json\/wp\/v2\/posts\/10195\/revisions\/10198"}],"wp:attachment":[{"href":"https:\/\/ubfheidelberg.org\/Wordpress\/wp-json\/wp\/v2\/media?parent=10195"}],"wp:term":[{"taxonomy":"category","embeddable":true,"href":"https:\/\/ubfheidelberg.org\/Wordpress\/wp-json\/wp\/v2\/categories?post=10195"},{"taxonomy":"post_tag","embeddable":true,"href":"https:\/\/ubfheidelberg.org\/Wordpress\/wp-json\/wp\/v2\/tags?post=10195"}],"curies":[{"name":"wp","href":"https:\/\/api.w.org\/{rel}","templated":true}]}}