{"id":10181,"date":"2021-06-20T12:00:26","date_gmt":"2021-06-20T10:00:26","guid":{"rendered":"https:\/\/ubfheidelberg.org\/?p=10181"},"modified":"2022-11-18T12:18:58","modified_gmt":"2022-11-18T11:18:58","slug":"fragebogen-gemeinde-verwurzelt-im-evangelium-1","status":"publish","type":"post","link":"https:\/\/ubfheidelberg.org\/Wordpress\/fragebogen-gemeinde-verwurzelt-im-evangelium-1\/","title":{"rendered":"Fragebogen: Die Gemeinde, die Jesus unter uns bauen will &#8211; Verwurzelt im Evangelium 1 &#8211; R\u00f6mer 1,1-17"},"content":{"rendered":"<p><a href=\"https:\/\/ubfheidelberg.org\/Wordpress\/wp-content\/uploads\/2021\/06\/Verwurzelt-im-Evangelium_Lektion1.doc\"><strong>Download<\/strong><\/a><\/p>\n<h2 style=\"text-align: center;\">Die Essenz des Evangeliums<\/h2>\n<p>Wir lesen R\u00f6mer 1,1-17.<\/p>\n<p>Dies ist ein thematisches Bibelstudium. Wir wollen erst einmal au\u00dfen vorlassen, was die Umst\u00e4nde des Briefes sind. Stattdessen f\u00e4llt uns beim Lesen des Textes auf, wie oft das Wort \u201eEvangelium\u201c erw\u00e4hnt wird.<\/p>\n<p>In welchen Versen wird das Evangelium erw\u00e4hnt? In welchen Versen kommt das Wort Gnade vor? Wie h\u00e4ngen beide miteinander zusammen?<\/p>\n<p>Was ist das Evangelium in seiner Essenz? Inwiefern unterscheidet sich das Evangelium von allen anderen Religionen und Weltanschauungen in der Welt (damals wie heute)?<\/p>\n<p>Welche praktischen Schlussfolgerungen k\u00f6nnen wir daraus ziehen: pers\u00f6nlich und als Gemeinde?<\/p>\n<p>&nbsp;<\/p>\n","protected":false},"excerpt":{"rendered":"<p>Download Die Essenz des Evangeliums Wir lesen R\u00f6mer 1,1-17. Dies ist ein thematisches Bibelstudium. Wir wollen erst einmal au\u00dfen vorlassen, was die Umst\u00e4nde des Briefes sind. Stattdessen f\u00e4llt uns beim Lesen des Textes auf, wie oft das Wort \u201eEvangelium\u201c erw\u00e4hnt wird. In welchen Versen wird das Evangelium erw\u00e4hnt? In welchen Versen kommt das Wort Gnade [&hellip;]<\/p>\n","protected":false},"author":14,"featured_media":0,"comment_status":"open","ping_status":"closed","sticky":false,"template":"","format":"standard","meta":{"ngg_post_thumbnail":0,"footnotes":""},"categories":[3,41,31],"tags":[],"class_list":["post-10181","post","type-post","status-publish","format-standard","hentry","category-fragebogen","category-gemeinde","category-roemerbrief"],"_links":{"self":[{"href":"https:\/\/ubfheidelberg.org\/Wordpress\/wp-json\/wp\/v2\/posts\/10181","targetHints":{"allow":["GET"]}}],"collection":[{"href":"https:\/\/ubfheidelberg.org\/Wordpress\/wp-json\/wp\/v2\/posts"}],"about":[{"href":"https:\/\/ubfheidelberg.org\/Wordpress\/wp-json\/wp\/v2\/types\/post"}],"author":[{"embeddable":true,"href":"https:\/\/ubfheidelberg.org\/Wordpress\/wp-json\/wp\/v2\/users\/14"}],"replies":[{"embeddable":true,"href":"https:\/\/ubfheidelberg.org\/Wordpress\/wp-json\/wp\/v2\/comments?post=10181"}],"version-history":[{"count":2,"href":"https:\/\/ubfheidelberg.org\/Wordpress\/wp-json\/wp\/v2\/posts\/10181\/revisions"}],"predecessor-version":[{"id":10194,"href":"https:\/\/ubfheidelberg.org\/Wordpress\/wp-json\/wp\/v2\/posts\/10181\/revisions\/10194"}],"wp:attachment":[{"href":"https:\/\/ubfheidelberg.org\/Wordpress\/wp-json\/wp\/v2\/media?parent=10181"}],"wp:term":[{"taxonomy":"category","embeddable":true,"href":"https:\/\/ubfheidelberg.org\/Wordpress\/wp-json\/wp\/v2\/categories?post=10181"},{"taxonomy":"post_tag","embeddable":true,"href":"https:\/\/ubfheidelberg.org\/Wordpress\/wp-json\/wp\/v2\/tags?post=10181"}],"curies":[{"name":"wp","href":"https:\/\/api.w.org\/{rel}","templated":true}]}}