{"id":10106,"date":"2021-05-16T12:00:29","date_gmt":"2021-05-16T10:00:29","guid":{"rendered":"https:\/\/ubfheidelberg.org\/?p=10106"},"modified":"2022-11-18T12:19:01","modified_gmt":"2022-11-18T11:19:01","slug":"fragebogen-apostelgeschichte-21-21-pfingsten-2021","status":"publish","type":"post","link":"https:\/\/ubfheidelberg.org\/Wordpress\/fragebogen-apostelgeschichte-21-21-pfingsten-2021\/","title":{"rendered":"Fragebogen: Apostelgeschichte 2,1 &#8211; 21 (Pfingsten 2021)"},"content":{"rendered":"<p><a href=\"https:\/\/ubfheidelberg.org\/Wordpress\/wp-content\/uploads\/2021\/05\/Pfingsten2021_Apg2_1-21.doc\"><strong>Download<\/strong><\/a><\/p>\n<h2 style=\"text-align: center;\">Die Ausgie\u00dfung des Heiligen Geistes<\/h2>\n<h3 style=\"text-align: center;\">\u201eUnd es soll geschehen in den letzten Tagen, spricht Gott, da will ich ausgie\u00dfen von meinem Geist auf alles Fleisch; und eure S\u00f6hne und eure T\u00f6chter sollen weissagen, und eure J\u00fcnglinge sollen Gesichte sehen, und eure Alten sollen Tr\u00e4ume haben.\u201c<\/h3>\n<p style=\"text-align: center;\">(Apostelgeschichte 2,17)<\/p>\n<ol>\n<li>Beschreibe die Situation am Pfingsttag, als der Heilige Geist kam (1; 1,13.14). Was passierte, als der Heilige Geist auf sie kam (2-4)? Was sagt das \u00fcber den Heiligen Geist?<\/li>\n<li>Wor\u00fcber waren die Menschen in Jerusalem entsetzt und ratlos (5-12)? Was sagt das \u00fcber das Wirken des Heiligen Geistes?<\/li>\n<li>Was tat Petrus in dieser Situation und wie erkl\u00e4rte er die Ver\u00e4nderung der Apostel (14-16)?<\/li>\n<li>Was hatte Gott in der Prophezeiung von Joel versprochen (17-20)? Was bewirkt demnach der Heilige Geist in den Gl\u00e4ubigen?<\/li>\n<li>Wie f\u00fchrt der Heilige Geist Menschen zur Rettung (21)? Wie erf\u00e4hrst du den Heiligen Geist? Wie kannst du dem Wirken des Heiligen Geistes in dir und durch dich mehr Raum geben?<\/li>\n<\/ol>\n<p>&nbsp;<\/p>\n","protected":false},"excerpt":{"rendered":"<p>Download Die Ausgie\u00dfung des Heiligen Geistes \u201eUnd es soll geschehen in den letzten Tagen, spricht Gott, da will ich ausgie\u00dfen von meinem Geist auf alles Fleisch; und eure S\u00f6hne und eure T\u00f6chter sollen weissagen, und eure J\u00fcnglinge sollen Gesichte sehen, und eure Alten sollen Tr\u00e4ume haben.\u201c (Apostelgeschichte 2,17) Beschreibe die Situation am Pfingsttag, als der [&hellip;]<\/p>\n","protected":false},"author":14,"featured_media":0,"comment_status":"open","ping_status":"closed","sticky":false,"template":"","format":"standard","meta":{"ngg_post_thumbnail":0,"footnotes":""},"categories":[14,3,11],"tags":[],"class_list":["post-10106","post","type-post","status-publish","format-standard","hentry","category-apostelgeschichte","category-fragebogen","category-sonderlektion"],"_links":{"self":[{"href":"https:\/\/ubfheidelberg.org\/Wordpress\/wp-json\/wp\/v2\/posts\/10106","targetHints":{"allow":["GET"]}}],"collection":[{"href":"https:\/\/ubfheidelberg.org\/Wordpress\/wp-json\/wp\/v2\/posts"}],"about":[{"href":"https:\/\/ubfheidelberg.org\/Wordpress\/wp-json\/wp\/v2\/types\/post"}],"author":[{"embeddable":true,"href":"https:\/\/ubfheidelberg.org\/Wordpress\/wp-json\/wp\/v2\/users\/14"}],"replies":[{"embeddable":true,"href":"https:\/\/ubfheidelberg.org\/Wordpress\/wp-json\/wp\/v2\/comments?post=10106"}],"version-history":[{"count":1,"href":"https:\/\/ubfheidelberg.org\/Wordpress\/wp-json\/wp\/v2\/posts\/10106\/revisions"}],"predecessor-version":[{"id":10111,"href":"https:\/\/ubfheidelberg.org\/Wordpress\/wp-json\/wp\/v2\/posts\/10106\/revisions\/10111"}],"wp:attachment":[{"href":"https:\/\/ubfheidelberg.org\/Wordpress\/wp-json\/wp\/v2\/media?parent=10106"}],"wp:term":[{"taxonomy":"category","embeddable":true,"href":"https:\/\/ubfheidelberg.org\/Wordpress\/wp-json\/wp\/v2\/categories?post=10106"},{"taxonomy":"post_tag","embeddable":true,"href":"https:\/\/ubfheidelberg.org\/Wordpress\/wp-json\/wp\/v2\/tags?post=10106"}],"curies":[{"name":"wp","href":"https:\/\/api.w.org\/{rel}","templated":true}]}}